{"id":137295,"date":"2026-03-03T11:17:33","date_gmt":"2026-03-03T11:17:33","guid":{"rendered":"https:\/\/rdnews.al\/?p=137295"},"modified":"2026-03-03T11:22:25","modified_gmt":"2026-03-03T11:22:25","slug":"kreu-i-spak-per-provat-ndaj-ballukut-behen-2-3-furgone-me-dokumenta-biseda-e-pergjuar","status":"publish","type":"post","link":"https:\/\/rdnews.al\/index.php\/2026\/03\/03\/kreu-i-spak-per-provat-ndaj-ballukut-behen-2-3-furgone-me-dokumenta-biseda-e-pergjuar\/","title":{"rendered":"Kreu i SPAK p\u00ebr provat ndaj Ballukut\/ B\u00ebhen 2-3 furgon\u00eb me dokumenta, biseda e p\u00ebrgjuar&#8230;"},"content":{"rendered":"<p>Detaje t\u00eb reja jan\u00eb zbuluar n\u00eb lidhje me raportin e opozit\u00ebs t\u00eb dal\u00eb nga K\u00ebshilli i Mandateve, pas k\u00ebrkes\u00ebs s\u00eb SPAK p\u00ebr heqjen e imunitetit, \u00e7ka i hap rrug\u00eb arrestimit t\u00eb Belinda Ballukut.<\/p>\n<p>N\u00eb raport theksohet se kreu i ri i SPAK, Klodian Braho thekson se ekziston rreziku q\u00eb t\u00eb jen\u00eb d\u00ebmtuar provat, nd\u00ebrkoh\u00eb q\u00eb t\u00eb dh\u00ebnat n\u00eb lidhje me dosjen.<\/p>\n<p>\u201cP\u00ebr t\u00eb caktuar mas\u00ebn e sigurimit apo p\u00ebr t\u00eb k\u00ebrkuar z\u00ebvend\u00ebsimin e mas\u00ebs s\u00eb sigurimit, jo detyrimisht duhet t\u00eb provohet se \u00ebsht\u00eb shkaktuar nj\u00eb d\u00ebm, por thjesht mjafton fakti q\u00eb t\u00eb argumentohet rreziku q\u00eb mund t\u00eb shkaktohet nj\u00eb d\u00ebm. Sot q\u00eb flasim, duke pasur parasysh bised\u00ebn q\u00eb p\u00ebrmendi kolegu, e cila \u00ebsht\u00eb nj\u00eb rast dhe nj\u00eb e dh\u00ebn\u00eb konkrete, krijojm\u00eb nj\u00eb lloj dyshimi se ekziston rreziku q\u00eb t\u00eb jen\u00eb d\u00ebmtuar provat. Pra, mendoj q\u00eb mbetemi pik\u00ebrisht n\u00eb t\u00eb nj\u00ebjt\u00ebn situat\u00eb se ky rrezik \u00ebsht\u00eb ende real p\u00ebr ne dhe vazhdon. Ky \u00ebsht\u00eb nj\u00eb element i mas\u00ebs s\u00eb sigurimit, nd\u00ebrsa elementi tjet\u00ebr i nevojave t\u00eb sigurimit, nuk lidhet vet\u00ebm me elementin d\u00ebmtimit t\u00eb provave, por lidhet edhe me rrezikun q\u00eb personi mund t\u00eb kryej\u00eb t\u00eb nj\u00ebjt\u00ebn vep\u00ebr penale si ajo q\u00eb dyshohet q\u00eb ka kryer apo edhe m\u00eb t\u00eb r\u00ebnd\u00eb. Sot edhe ky rrezik i dyte ekziston. U p\u00ebrmend vendimi i Gjykat\u00ebs Kushtetuese, por ky vendim ende nuk \u00ebsht\u00eb botuar dhe nuk ka hyr\u00eb ende n\u00eb fuqi, \u00ebsht\u00eb nj\u00eb fakt i sigurt q\u00eb do t\u00eb ndodh\u00eb, por \u00ebsht\u00eb po aq i sigurt fakti se Kuvendi ka nj\u00eb iniciativ\u00eb ligjore p\u00ebr ta ndryshuar nenin 242 te Kodit t\u00eb Procedur\u00ebs Penale\u201d, shprehet ai.<\/p>\n<div class=\"ai-viewport-1\" data-insertion-position=\"prepend\" data-selector=\".ai-insert-7-77164137\" data-insertion-no-dbg=\"\" data-code=\"PGRpdiBjbGFzcz0nY29kZS1ibG9jayBjb2RlLWJsb2NrLTcnIHN0eWxlPSdtYXJnaW46IDhweCAwOyBjbGVhcjogYm90aDsnPgo8L2Rpdj4K\" data-block=\"7\">\n<div class=\"code-block code-block-7\"><\/div>\n<\/div>\n<div class=\"galery-slider\">\n<ul class=\"slides\">\n<li class=\"flex-slider-item\" data-thumb-alt=\"\"><a href=\"https:\/\/www.balkanweb.com\/wp-content\/uploads\/2026\/03\/11111.jpg\" rel=\"lightbox noopener\" target=\"_blank\"><img decoding=\"async\" draggable=\"false\" src=\"https:\/\/www.balkanweb.com\/wp-content\/uploads\/2026\/03\/11111.jpg\" alt=\"foto galeri \" \/><\/a><\/li>\n<li class=\"flex-slider-item flex-active-slide\" data-thumb-alt=\"\"><a href=\"https:\/\/www.balkanweb.com\/wp-content\/uploads\/2026\/03\/222222.jpg\" rel=\"lightbox noopener\" target=\"_blank\"><img decoding=\"async\" draggable=\"false\" src=\"https:\/\/www.balkanweb.com\/wp-content\/uploads\/2026\/03\/222222.jpg\" alt=\"foto galeri \" \/><\/a><\/li>\n<\/ul>\n<\/div>\n<p>Braho ka konsideruara aq t\u00eb m\u00ebdha n\u00eb num\u00ebr, sa n\u00ebse do t\u00eb printoheshin do t\u00eb ishin materiale q\u00eb mund t\u00eb mbushnin dy apo tre furgon\u00eb me letra.<\/p>\n<p>&nbsp;<\/p>\n<p>&nbsp;<\/p>\n<p>\u201c\u00cbsht\u00eb thjesht nj\u00eb hard disk nga ana praktike, q\u00eb po ta printosh, pa ekzagjerim mund t\u00eb jen\u00eb dy apo tre furgon\u00eb me letra, por \u00ebsht\u00eb n\u00eb gjendje elektronike.\u201d15 T\u00eb gjitha provat e m\u00ebsip\u00ebrme mb\u00ebshtesin ligj\u00ebrisht p\u00ebrmbushjen e kushtit p\u00ebr ekzistenc\u00ebn e \u201cdyshimit t\u00eb arsyesh\u00ebm\u201d p\u00ebr kryerjen e vepr\u00ebs penale. Provat jan\u00eb t\u00eb konsiderueshme dhe n\u00eb k\u00ebt\u00eb faz\u00eb vler\u00ebsohen t\u00eb mjaftueshme p\u00ebr t\u00eb krijuar bindjen e ekzistenc\u00ebs s\u00eb \u201cdyshimit t\u00eb arsyesh\u00ebm\u201d, citohet ai.<\/p>\n<p>Prokurori Drita Pren\u00e7i nga ana tjet\u00ebr citohet t\u00eb ket\u00eb deklaruar se ekziston nj\u00eb bised\u00eb e p\u00ebrgjuar mes nj\u00eb personi t\u00eb marr\u00eb t\u00eb pandehur bashk\u00eb me Ballukun, dhe nj\u00eb personi tjet\u00ebr q\u00eb bashk\u00ebbisedon, q\u00eb \u00ebsht\u00eb p\u00ebrs\u00ebri person nd\u00ebrveprues.<\/p>\n<p>\u201cAjo do t\u00eb pyetet me statusin e d\u00ebshmitarit, pra nuk \u00ebsht\u00eb pyetur deri n\u00eb k\u00ebt\u00eb moment\u201d, thuhet n\u00eb raport.<\/p>\n<p>Biseda sipas Klodian Brahos ka ndodhur pas vendimit t\u00eb Gjykat\u00ebs p\u00ebr Ballukun.<\/p>\n<p>\u201cVendimi i gjykat\u00ebs \u00ebsht\u00eb i dat\u00ebs 19.11.2025, data kur \u00ebsht\u00eb zhvilluar biseda telefonike \u00ebsht\u00eb data 20.11.2025, pra \u00ebsht\u00eb pas vendimit t\u00eb gjykat\u00ebs. Pyet\u00ebt pak m\u00eb par\u00eb se a ka nj\u00eb akt p\u00ebr hetim ndaj personit n\u00ebn hetim, p\u00ebr procedurat e reja t\u00eb prokurimit akti q\u00eb atribuon \u00ebsht\u00eb akti i prokurorit q\u00eb urdh\u00ebron pasqyrimin n\u00eb regjist\u00ebr edhe t\u00eb fakteve t\u00eb reja dhe nuk ka akt tjet\u00ebr. Pra, nuk \u00ebsht\u00eb e nevojshme t\u00eb nis\u00eb procedim tjet\u00ebr penal. P\u00ebr sa i p\u00ebrket bised\u00ebs q\u00eb, ne e kemi paraqitur si prov\u00eb, dyshohet se po ndikohet te personat e pyetur. Patjet\u00ebr q\u00eb ato fakte jan\u00eb objekt hetimi, por deri n\u00eb k\u00ebt\u00eb moment nuk \u00ebsht\u00eb atribuuar ndonj\u00eb fakt konkret personit n\u00eb hetim p\u00ebr k\u00ebt\u00eb bisede, por jan\u00eb objekt hetimi\u201d, thuhet n\u00eb raport.\/Balkanweb<\/p>\n","protected":false},"excerpt":{"rendered":"<p>Detaje t\u00eb reja jan\u00eb zbuluar n\u00eb lidhje me raportin e opozit\u00ebs t\u00eb dal\u00eb nga K\u00ebshilli i Mandateve, pas k\u00ebrkes\u00ebs s\u00eb SPAK p\u00ebr heqjen e imunitetit, \u00e7ka i hap rrug\u00eb arrestimit t\u00eb Belinda Ballukut. N\u00eb raport theksohet se kreu i ri i SPAK, Klodian Braho thekson se ekziston rreziku q\u00eb t\u00eb jen\u00eb d\u00ebmtuar provat, nd\u00ebrkoh\u00eb q\u00eb &hellip;<\/p>\n","protected":false},"author":3,"featured_media":137296,"comment_status":"closed","ping_status":"closed","sticky":false,"template":"","format":"standard","meta":{"footnotes":""},"categories":[37],"tags":[],"class_list":["post-137295","post","type-post","status-publish","format-standard","has-post-thumbnail","","category-politike"],"_links":{"self":[{"href":"https:\/\/rdnews.al\/index.php\/wp-json\/wp\/v2\/posts\/137295","targetHints":{"allow":["GET"]}}],"collection":[{"href":"https:\/\/rdnews.al\/index.php\/wp-json\/wp\/v2\/posts"}],"about":[{"href":"https:\/\/rdnews.al\/index.php\/wp-json\/wp\/v2\/types\/post"}],"author":[{"embeddable":true,"href":"https:\/\/rdnews.al\/index.php\/wp-json\/wp\/v2\/users\/3"}],"replies":[{"embeddable":true,"href":"https:\/\/rdnews.al\/index.php\/wp-json\/wp\/v2\/comments?post=137295"}],"version-history":[{"count":2,"href":"https:\/\/rdnews.al\/index.php\/wp-json\/wp\/v2\/posts\/137295\/revisions"}],"predecessor-version":[{"id":137299,"href":"https:\/\/rdnews.al\/index.php\/wp-json\/wp\/v2\/posts\/137295\/revisions\/137299"}],"wp:featuredmedia":[{"embeddable":true,"href":"https:\/\/rdnews.al\/index.php\/wp-json\/wp\/v2\/media\/137296"}],"wp:attachment":[{"href":"https:\/\/rdnews.al\/index.php\/wp-json\/wp\/v2\/media?parent=137295"}],"wp:term":[{"taxonomy":"category","embeddable":true,"href":"https:\/\/rdnews.al\/index.php\/wp-json\/wp\/v2\/categories?post=137295"},{"taxonomy":"post_tag","embeddable":true,"href":"https:\/\/rdnews.al\/index.php\/wp-json\/wp\/v2\/tags?post=137295"}],"curies":[{"name":"wp","href":"https:\/\/api.w.org\/{rel}","templated":true}]}}