{"id":137302,"date":"2026-03-03T12:11:07","date_gmt":"2026-03-03T12:11:07","guid":{"rendered":"https:\/\/rdnews.al\/?p=137302"},"modified":"2026-03-03T12:11:07","modified_gmt":"2026-03-03T12:11:07","slug":"berisha-kerkoj-doreheqjen-e-rames-ai-vete-po-bllokon-kerkesen-per-heqjen-e-imunitetit-te-ballukut","status":"publish","type":"post","link":"https:\/\/rdnews.al\/index.php\/2026\/03\/03\/berisha-kerkoj-doreheqjen-e-rames-ai-vete-po-bllokon-kerkesen-per-heqjen-e-imunitetit-te-ballukut\/","title":{"rendered":"Berisha: K\u00ebrkoj dor\u00ebheqjen e Ram\u00ebs, ai vet\u00eb po bllokon k\u00ebrkes\u00ebn p\u00ebr heqjen e imunitetit t\u00eb Ballukut"},"content":{"rendered":"<p>Kryetari i PD, Sali Berisha, n\u00eb nj\u00eb konferenc\u00eb p\u00ebr mediat k\u00ebrkoi dor\u00ebheqjen e Edi Ram\u00ebs nga posti i kryeministrit.<\/p>\n<p>Berisha e akuzoi Ram\u00ebn se q\u00ebndron n\u00eb pushtet mbi krimin, drog\u00ebn dhe vjedhjen, duke e cil\u00ebsuar si uzurpator t\u00eb detyr\u00ebs dhe p\u00ebrgjegj\u00ebs p\u00ebr abuzime t\u00eb m\u00ebdha financiare, p\u00ebrfshir\u00eb \u00e7\u00ebshtjen e Portit t\u00eb Durr\u00ebsit dhe djeg\u00ebsin e Tiran\u00ebs.<\/p>\n<p><strong>Berisha:<\/strong> N\u00eb em\u00ebr t\u00eb Partis\u00eb Demokratike rip\u00ebrs\u00ebris k\u00ebrkes\u00ebn e prer\u00eb t\u00eb dor\u00ebheqjes s\u00eb Edi Ram\u00ebs si uzurpator i postit t\u00eb kryeministrit t\u00eb vendit.<\/p>\n<p>Edi Rama q\u00ebndron n\u00eb pushtet t\u00ebr\u00ebsisht mbi krimin, drog\u00ebn dhe vjedhjen e shqiptar\u00ebve, n\u00eb kund\u00ebrshtim me Kushtetut\u00ebn, n\u00eb kund\u00ebrshtim me ligjet e vendit.<\/p>\n<p>Edi Rama q\u00ebndron n\u00eb pushtet p\u00ebr t\u00eb mbrojtur vjedhjet e qindra dhe miliarda eurove t\u00eb shqiptar\u00ebve.<\/p>\n<p>Q\u00ebndron n\u00eb pushtet i bindur se n\u00eb momentin e par\u00eb t\u00eb largimit nga ajo karrige, ai p\u00ebrfundon, n\u00eb qoft\u00eb se p\u00ebr Lubin\u00eb u tha 36 vjet burg, u garantoj se p\u00ebr Ram\u00ebn as 76 nuk mjaftojn\u00eb, p\u00ebr serialin e veprave penale.<\/p>\n<p>Vet\u00ebm Porti i Durr\u00ebsit \u00ebsht\u00eb t\u00eb pakt\u00ebn 60 vite burg. Le t\u2019i l\u00ebm\u00eb m\u00ebnjan\u00eb t\u00eb gjitha.<\/p>\n<p>Djeg\u00ebsi i Tiran\u00ebs, pra ajo q\u00eb thash\u00eb un\u00eb ishte me minimume.<\/p>\n<p>Po Edi Rama meriton tre jet\u00eb t\u2019i kaloj\u00eb n\u00eb burgje p\u00ebr vjedhjet q\u00eb ka b\u00ebr\u00eb.<\/p>\n<p>Ndaj dhe ai, gjer n\u00eb k\u00ebt\u00eb moment q\u00eb po jap konferenc\u00ebn, nuk ka d\u00ebrguar n\u00eb kryesin\u00eb e parlamentit raportin e tij p\u00ebr imunitetin e Ballukut.<\/p>\n<p>Them raportin e tij se raporti \u00ebsht\u00eb i an\u00ebtar\u00ebve t\u00eb komisionit, por ai tregoi se a\u00ebt do ta shoh un\u00eb dhe ai ka mbi nj\u00eb jav\u00eb q\u00eb e ka n\u00eb dor\u00eb at\u00eb.<\/p>\n<p>Pra \u00ebsht\u00eb Rama vet\u00eb ai q\u00eb bllokon d\u00ebrgimin e raportit t\u00eb an\u00ebtar\u00ebve t\u00eb komisionit t\u00eb partis\u00eb s\u00eb krimit n\u00eb kryesin\u00eb e parlamentit p\u00ebr t\u2019u futur k\u00ebt\u00eb t\u00eb enjte n\u00eb axhend\u00ebn e parlamentit.<\/p>\n<p>Si\u00e7 e shihni t\u00eb dashur qytetar\u00eb, gjith\u00e7ka tregon se fati i Shqip\u00ebris\u00eb, fati juaj, fati i f\u00ebmij\u00ebve tuaj \u00ebsht\u00eb vet\u00ebm n\u00eb duart tuaja.<\/p>\n<p>Jeni ju dhe vet\u00ebm ju q\u00eb mund t\u00eb \u00e7lironi k\u00ebt\u00eb vend nga kjo organizat\u00eb kriminale q\u00eb nga m\u00ebngjesi gjer n\u00eb dark\u00eb vet\u00ebm vjedhin, p\u00ebr\u00e7mojn\u00eb, posht\u00ebrojn\u00eb shqiptar\u00ebt.<\/p>\n<p>\u00cbsht\u00eb sot m\u00eb imperative se kurr\u00eb q\u00eb shqiptar\u00ebt t\u00eb marrin n\u00eb duar fatin e tyre, fatin e lirive t\u00eb tyre, fatin e vendit t\u00eb tyre.<\/p>\n","protected":false},"excerpt":{"rendered":"<p>Kryetari i PD, Sali Berisha, n\u00eb nj\u00eb konferenc\u00eb p\u00ebr mediat k\u00ebrkoi dor\u00ebheqjen e Edi Ram\u00ebs nga posti i kryeministrit. Berisha e akuzoi Ram\u00ebn se q\u00ebndron n\u00eb pushtet mbi krimin, drog\u00ebn dhe vjedhjen, duke e cil\u00ebsuar si uzurpator t\u00eb detyr\u00ebs dhe p\u00ebrgjegj\u00ebs p\u00ebr abuzime t\u00eb m\u00ebdha financiare, p\u00ebrfshir\u00eb \u00e7\u00ebshtjen e Portit t\u00eb Durr\u00ebsit dhe djeg\u00ebsin e &hellip;<\/p>\n","protected":false},"author":4,"featured_media":137303,"comment_status":"closed","ping_status":"closed","sticky":false,"template":"","format":"standard","meta":{"footnotes":""},"categories":[37],"tags":[],"class_list":["post-137302","post","type-post","status-publish","format-standard","has-post-thumbnail","","category-politike"],"_links":{"self":[{"href":"https:\/\/rdnews.al\/index.php\/wp-json\/wp\/v2\/posts\/137302","targetHints":{"allow":["GET"]}}],"collection":[{"href":"https:\/\/rdnews.al\/index.php\/wp-json\/wp\/v2\/posts"}],"about":[{"href":"https:\/\/rdnews.al\/index.php\/wp-json\/wp\/v2\/types\/post"}],"author":[{"embeddable":true,"href":"https:\/\/rdnews.al\/index.php\/wp-json\/wp\/v2\/users\/4"}],"replies":[{"embeddable":true,"href":"https:\/\/rdnews.al\/index.php\/wp-json\/wp\/v2\/comments?post=137302"}],"version-history":[{"count":1,"href":"https:\/\/rdnews.al\/index.php\/wp-json\/wp\/v2\/posts\/137302\/revisions"}],"predecessor-version":[{"id":137304,"href":"https:\/\/rdnews.al\/index.php\/wp-json\/wp\/v2\/posts\/137302\/revisions\/137304"}],"wp:featuredmedia":[{"embeddable":true,"href":"https:\/\/rdnews.al\/index.php\/wp-json\/wp\/v2\/media\/137303"}],"wp:attachment":[{"href":"https:\/\/rdnews.al\/index.php\/wp-json\/wp\/v2\/media?parent=137302"}],"wp:term":[{"taxonomy":"category","embeddable":true,"href":"https:\/\/rdnews.al\/index.php\/wp-json\/wp\/v2\/categories?post=137302"},{"taxonomy":"post_tag","embeddable":true,"href":"https:\/\/rdnews.al\/index.php\/wp-json\/wp\/v2\/tags?post=137302"}],"curies":[{"name":"wp","href":"https:\/\/api.w.org\/{rel}","templated":true}]}}