{"id":137305,"date":"2026-03-03T12:15:47","date_gmt":"2026-03-03T12:15:47","guid":{"rendered":"https:\/\/rdnews.al\/?p=137305"},"modified":"2026-03-03T12:15:47","modified_gmt":"2026-03-03T12:15:47","slug":"berisha-duhet-te-bashkohemi-diten-qe-do-te-paraqitet-kerkesa-per-ballukun-te-gjithe-perpara-parlamentit","status":"publish","type":"post","link":"https:\/\/rdnews.al\/index.php\/2026\/03\/03\/berisha-duhet-te-bashkohemi-diten-qe-do-te-paraqitet-kerkesa-per-ballukun-te-gjithe-perpara-parlamentit\/","title":{"rendered":"Berisha: Duhet t\u00eb bashkohemi! Dit\u00ebn q\u00eb do t\u00eb paraqitet k\u00ebrkesa p\u00ebr Ballukun, t\u00eb gjith\u00eb p\u00ebrpara parlamentit!"},"content":{"rendered":"<p>Lideri i opozit\u00ebs, Sali Berisha, b\u00ebri thirrje p\u00ebr bashkim dhe mobilizim qytetar dit\u00ebn kur do t\u00eb paraqitet k\u00ebrkesa p\u00ebr Ballukun, duke ftuar t\u00eb gjith\u00eb t\u00eb jen\u00eb p\u00ebrpara parlamentit.<\/p>\n<p>Gjat\u00eb deklarat\u00ebs p\u00ebr media, Berisha theksoi r\u00ebnd\u00ebsin\u00eb e pjes\u00ebmarrjes s\u00eb qytetar\u00ebve p\u00ebr t\u00eb mbrojtur Kushtetut\u00ebn, ligjet dhe proceset demokratike n\u00eb vend.<\/p>\n<p><strong>Berisha:<\/strong> Edi Rama, k\u00ebrkesave t\u00eb fuqishme nga partner\u00ebt tan\u00eb m\u00eb kryesor\u00eb, nga Komisioni Europian p\u00ebr t\u00eb mos penguar drejt\u00ebsin\u00eb, iu p\u00ebrgjigj me artikullin e hapur t\u00eb firmosur s\u00eb bashku me v\u00ebllain e tij Vu\u00e7i\u00e7, padronin e tij, duke u th\u00ebn\u00eb europian\u00ebve se nuk kemi nevoj\u00eb p\u00ebr integrimin n\u00eb BE.<\/p>\n<p>Arrin gjer n\u00eb k\u00ebt\u00eb akt vet\u00ebm p\u00ebr t\u00eb mbrojtur krimet dhe pasurit\u00eb e tij t\u00eb krimit.<\/p>\n<p>Por Edi Rama \u00ebsht\u00eb nj\u00eb person, \u00ebsht\u00eb kryeminist\u00ebr, sigurisht, ka edhe nj\u00eb rreth q\u00eb jan\u00eb an\u00ebtar\u00eb t\u00eb organizat\u00ebs s\u00eb tij kriminale, por shqiptar\u00ebt nuk do lejojn\u00eb kurr\u00eb q\u00eb fati i tyre t\u00eb shkelmohet edhe k\u00ebsaj here si\u00e7 u shkelmua nga Enver Hoxha p\u00ebr 46 vite.<\/p>\n<p>Ndaj dhe ftesa ime p\u00ebr mbar\u00eb qytetar\u00ebt shqiptar\u00eb, dit\u00ebn q\u00eb do paraqitet k\u00ebrkesa n\u00eb parlament, q\u00eb t\u00eb gjith\u00eb para parlamentit p\u00ebr t\u00eb mbrojtur Kushtetut\u00ebn, ligjin, dinjitetin komb\u00ebtar.<\/p>\n<p>P\u00ebr t\u00eb mbrojtur shtetin ligjor, shtetin e t\u00eb drejt\u00ebs.<\/p>\n<p>Me vendimin e tij, n\u00eb k\u00ebt\u00eb m\u00ebnyr\u00eb si\u00e7 ka ecur, de facto asgj\u00ebson drejt\u00ebsin\u00eb.<\/p>\n<p>Askush nuk e mb\u00ebshtet at\u00eb n\u00eb k\u00ebt\u00eb rrug\u00eb.<\/p>\n<p>Por askush nuk do t\u00eb vij\u00eb ta heq\u00eb at\u00eb prej leckash nga zyra e kryeministrit.<\/p>\n<p>\u00cbsht\u00eb detyra jon\u00eb, \u00ebsht\u00eb misioni yn\u00eb, misioni i qytetar\u00ebve shqiptar\u00eb t\u00eb mos pranojn\u00eb kurr\u00eb t\u2019u mbyllen dyert e Europ\u00ebs nga nj\u00eb kryehajdut i kombit n\u00eb historin\u00eb e Shqip\u00ebris\u00eb.<\/p>\n<p>Nga nj\u00eb armik i shqiptar\u00ebve.<\/p>\n<p>Ndaj dhe sot m\u00eb shum\u00eb se kurr\u00eb nevojitet t\u00eb bashkohemi kund\u00ebr k\u00ebtij rreziku t\u00eb jasht\u00ebzakonsh\u00ebm p\u00ebr fatin ton\u00eb, p\u00ebr t\u00eb ardhmen ton\u00eb.<\/p>\n<p>P\u00ebr sa koh\u00eb \u00ebsht\u00eb BE e ardhmja m\u00eb e mir\u00eb dhe fati m\u00eb i madh i shqiptar\u00ebve \u00ebsht\u00eb an\u00ebtar\u00ebsimi n\u00eb BE.<\/p>\n<p>Nuk mundet kurr\u00eb nj\u00eb njeri p\u00ebr interesa personale t\u00eb na mbyll\u00eb dyert.<\/p>\n<p>Nuk ka armik m\u00eb t\u00eb keq se at\u00eb q\u00eb tenton t\u00eb na b\u00ebj\u00eb k\u00ebt\u00eb.<\/p>\n<p>Dhe ky \u00ebsht\u00eb Edi Rama.<\/p>\n","protected":false},"excerpt":{"rendered":"<p>Lideri i opozit\u00ebs, Sali Berisha, b\u00ebri thirrje p\u00ebr bashkim dhe mobilizim qytetar dit\u00ebn kur do t\u00eb paraqitet k\u00ebrkesa p\u00ebr Ballukun, duke ftuar t\u00eb gjith\u00eb t\u00eb jen\u00eb p\u00ebrpara parlamentit. Gjat\u00eb deklarat\u00ebs p\u00ebr media, Berisha theksoi r\u00ebnd\u00ebsin\u00eb e pjes\u00ebmarrjes s\u00eb qytetar\u00ebve p\u00ebr t\u00eb mbrojtur Kushtetut\u00ebn, ligjet dhe proceset demokratike n\u00eb vend. Berisha: Edi Rama, k\u00ebrkesave t\u00eb fuqishme &hellip;<\/p>\n","protected":false},"author":4,"featured_media":137306,"comment_status":"closed","ping_status":"closed","sticky":false,"template":"","format":"standard","meta":{"footnotes":""},"categories":[37],"tags":[],"class_list":["post-137305","post","type-post","status-publish","format-standard","has-post-thumbnail","","category-politike"],"_links":{"self":[{"href":"https:\/\/rdnews.al\/index.php\/wp-json\/wp\/v2\/posts\/137305","targetHints":{"allow":["GET"]}}],"collection":[{"href":"https:\/\/rdnews.al\/index.php\/wp-json\/wp\/v2\/posts"}],"about":[{"href":"https:\/\/rdnews.al\/index.php\/wp-json\/wp\/v2\/types\/post"}],"author":[{"embeddable":true,"href":"https:\/\/rdnews.al\/index.php\/wp-json\/wp\/v2\/users\/4"}],"replies":[{"embeddable":true,"href":"https:\/\/rdnews.al\/index.php\/wp-json\/wp\/v2\/comments?post=137305"}],"version-history":[{"count":1,"href":"https:\/\/rdnews.al\/index.php\/wp-json\/wp\/v2\/posts\/137305\/revisions"}],"predecessor-version":[{"id":137307,"href":"https:\/\/rdnews.al\/index.php\/wp-json\/wp\/v2\/posts\/137305\/revisions\/137307"}],"wp:featuredmedia":[{"embeddable":true,"href":"https:\/\/rdnews.al\/index.php\/wp-json\/wp\/v2\/media\/137306"}],"wp:attachment":[{"href":"https:\/\/rdnews.al\/index.php\/wp-json\/wp\/v2\/media?parent=137305"}],"wp:term":[{"taxonomy":"category","embeddable":true,"href":"https:\/\/rdnews.al\/index.php\/wp-json\/wp\/v2\/categories?post=137305"},{"taxonomy":"post_tag","embeddable":true,"href":"https:\/\/rdnews.al\/index.php\/wp-json\/wp\/v2\/tags?post=137305"}],"curies":[{"name":"wp","href":"https:\/\/api.w.org\/{rel}","templated":true}]}}