{"id":137308,"date":"2026-03-03T12:23:39","date_gmt":"2026-03-03T12:23:39","guid":{"rendered":"https:\/\/rdnews.al\/?p=137308"},"modified":"2026-03-03T12:23:39","modified_gmt":"2026-03-03T12:23:39","slug":"berisha-edi-rama-po-mbyll-perfundimisht-dyert-e-be-se-per-shqiptaret-por-kjo-nuk-do-mund-te-behet-kurre-realitet","status":"publish","type":"post","link":"https:\/\/rdnews.al\/index.php\/2026\/03\/03\/berisha-edi-rama-po-mbyll-perfundimisht-dyert-e-be-se-per-shqiptaret-por-kjo-nuk-do-mund-te-behet-kurre-realitet\/","title":{"rendered":"Berisha: Edi Rama po mbyll p\u00ebrfundimisht dyert e BE-s\u00eb p\u00ebr shqiptar\u00ebt, por kjo nuk do mund t\u00eb b\u00ebhet kurr\u00eb realitet"},"content":{"rendered":"<p>Kryetari i PD, Sali Berisha tha se, Edi Rama po mbyll p\u00ebrfundimisht dyert e BE-s\u00eb p\u00ebr shqiptar\u00ebt, por kjo nuk do mund t\u00eb b\u00ebhet kurr\u00eb realitet.<\/p>\n<p><strong>Anisa Kadesha, RTSH: Cila do t\u00eb jet\u00eb strategjia e opozit\u00ebs n\u00eb protest\u00ebn q\u00eb do t\u00eb mbahet para parlamentit, pasi ka patur disa deputet\u00eb q\u00eb kan\u00eb th\u00ebn\u00eb publikisht q\u00eb jan\u00eb pro ngujimit n\u00eb parlament.<\/strong><\/p>\n<p><strong>Sali Berisha:<\/strong> E v\u00ebrteta \u00ebsht\u00eb se deputet\u00ebt prej koh\u00ebsh kan\u00eb shprehur vendosm\u00ebrin\u00eb q\u00eb t\u00eb kalojn\u00eb dhe n\u00eb akte sublime, grev\u00eb urie dhe asgj\u00eb nuk p\u00ebrjashtohet.<br \/>\nPor \u00e7do hap duhet t\u00eb nd\u00ebrmerret n\u00eb momentin e duhur. Mendoj se fjala e sovranit \u00ebsht\u00eb \u00e7\u00ebshtja m\u00eb kryesore n\u00eb rendin e dit\u00ebs.<br \/>\nSovrani duhet t\u00eb flas\u00eb sepse kjo q\u00eb po ndodh me shqiptar\u00ebt \u00ebsht\u00eb e pashembullt n\u00eb histori.<br \/>\nKujtojm\u00eb vet\u00ebm kaq. Nj\u00eb njeri q\u00eb p\u00ebr 6 muaj rresht u premtoi shqiptar\u00ebve integrimin n\u00eb 2027, integrimin n\u00eb 2030, tani q\u00eb \u00ebsht\u00eb kapur me presh n\u00eb dor\u00eb si hajdut, u thot\u00eb se, nuk kemi nevoj\u00eb p\u00ebr integrim t\u00eb plot\u00eb.<br \/>\nDhe nj\u00ebher\u00eb p\u00ebr qytetar\u00ebt.<br \/>\nKryeartikulli i padronit Vu\u00e7i\u00e7 dhe argatit Rama n\u00eb Frankfurte Alemaine Zeitung duhet t\u00eb kuptohet qart\u00eb. K\u00ebta dy krer\u00eb t\u00eb organizatave kriminale m\u00eb t\u00eb rrezikshme n\u00eb Europ\u00eb, i sugjerojn\u00eb BE-s\u00eb q\u00eb tu akordoj\u00eb vet\u00ebm tregtin\u00eb e lir\u00eb dhe fondet e procesit t\u00eb rritjes dhe se k\u00ebta nuk k\u00ebrkojn\u00eb as vot\u00eb dhe se k\u00ebta nuk pranojn\u00eb t\u00eb plot\u00ebsojn\u00eb kriteret e Kopenhagenit as ato q\u00eb quhen mir\u00ebsit\u00eb q\u00eb duhet t\u00eb g\u00ebzoj\u00eb komuniteti nga procesi an\u00ebtar\u00ebsimit t\u00eb vendit n\u00eb Bashkimin Europian, mir\u00ebsi n\u00eb fush\u00ebn sociale dhe fusha t\u00eb tjera.<br \/>\nPra k\u00ebta kan\u00eb hall vet\u00ebm oligark\u00ebt e tyre. K\u00ebta zotohen se nuk do t\u00eb zhvillojn\u00eb zgjedhje, sepse kriteret e Kopehangenit kan\u00eb kusht zgjedhjet e lira. K\u00ebta zotohen se do t\u00eb kontrollojn\u00eb drejt\u00ebsin\u00eb, sepse ato kritere kan\u00eb drejt\u00ebsin\u00eb e pavarur.<br \/>\nPra Edi Rama po mbyll p\u00ebrfundimisht dyert e BE-s\u00eb p\u00ebr shqiptar\u00ebt, \u00e7ka kam bindjen m\u00eb t\u00eb thell\u00eb, se kjo nuk do mund t\u00eb b\u00ebhet kurr\u00eb realitet. Shqiptar\u00ebt asgj\u00eb nuk do mund ti pengoj\u00eb n\u00eb rrug\u00ebtimin e tyre plot sakrifica dhe mundime dhe n\u00eb t\u00ebr\u00ebsi t\u00eb pandalsh\u00ebm drejt integrimit t\u00eb plot\u00eb n\u00eb BE.<\/p>\n","protected":false},"excerpt":{"rendered":"<p>Kryetari i PD, Sali Berisha tha se, Edi Rama po mbyll p\u00ebrfundimisht dyert e BE-s\u00eb p\u00ebr shqiptar\u00ebt, por kjo nuk do mund t\u00eb b\u00ebhet kurr\u00eb realitet. Anisa Kadesha, RTSH: Cila do t\u00eb jet\u00eb strategjia e opozit\u00ebs n\u00eb protest\u00ebn q\u00eb do t\u00eb mbahet para parlamentit, pasi ka patur disa deputet\u00eb q\u00eb kan\u00eb th\u00ebn\u00eb publikisht q\u00eb jan\u00eb &hellip;<\/p>\n","protected":false},"author":4,"featured_media":137309,"comment_status":"closed","ping_status":"closed","sticky":false,"template":"","format":"standard","meta":{"footnotes":""},"categories":[37],"tags":[],"class_list":["post-137308","post","type-post","status-publish","format-standard","has-post-thumbnail","","category-politike"],"_links":{"self":[{"href":"https:\/\/rdnews.al\/index.php\/wp-json\/wp\/v2\/posts\/137308","targetHints":{"allow":["GET"]}}],"collection":[{"href":"https:\/\/rdnews.al\/index.php\/wp-json\/wp\/v2\/posts"}],"about":[{"href":"https:\/\/rdnews.al\/index.php\/wp-json\/wp\/v2\/types\/post"}],"author":[{"embeddable":true,"href":"https:\/\/rdnews.al\/index.php\/wp-json\/wp\/v2\/users\/4"}],"replies":[{"embeddable":true,"href":"https:\/\/rdnews.al\/index.php\/wp-json\/wp\/v2\/comments?post=137308"}],"version-history":[{"count":1,"href":"https:\/\/rdnews.al\/index.php\/wp-json\/wp\/v2\/posts\/137308\/revisions"}],"predecessor-version":[{"id":137310,"href":"https:\/\/rdnews.al\/index.php\/wp-json\/wp\/v2\/posts\/137308\/revisions\/137310"}],"wp:featuredmedia":[{"embeddable":true,"href":"https:\/\/rdnews.al\/index.php\/wp-json\/wp\/v2\/media\/137309"}],"wp:attachment":[{"href":"https:\/\/rdnews.al\/index.php\/wp-json\/wp\/v2\/media?parent=137308"}],"wp:term":[{"taxonomy":"category","embeddable":true,"href":"https:\/\/rdnews.al\/index.php\/wp-json\/wp\/v2\/categories?post=137308"},{"taxonomy":"post_tag","embeddable":true,"href":"https:\/\/rdnews.al\/index.php\/wp-json\/wp\/v2\/tags?post=137308"}],"curies":[{"name":"wp","href":"https:\/\/api.w.org\/{rel}","templated":true}]}}