{"id":137312,"date":"2026-03-03T12:26:04","date_gmt":"2026-03-03T12:26:04","guid":{"rendered":"https:\/\/rdnews.al\/?p=137312"},"modified":"2026-03-03T12:26:21","modified_gmt":"2026-03-03T12:26:21","slug":"berisha-rama-po-djeg-afatin-3-mujor-per-te-shpetuar-ballukun-lubia-ka-kercenuar-zyrtaret-e-drejtesise-me-banda","status":"publish","type":"post","link":"https:\/\/rdnews.al\/index.php\/2026\/03\/03\/berisha-rama-po-djeg-afatin-3-mujor-per-te-shpetuar-ballukun-lubia-ka-kercenuar-zyrtaret-e-drejtesise-me-banda\/","title":{"rendered":"Rama po djeg afatin 3-mujor p\u00ebr t\u00eb shp\u00ebtuar Ballukun! Lubia ka k\u00ebrc\u00ebnuar zyrtar\u00ebt e drejt\u00ebsis\u00eb me banda"},"content":{"rendered":"<p>Kryetari i PD, Sali Berisha tha se, Rama po djeg afatin 3-mujor p\u00ebr t\u00eb shp\u00ebtuar Ballukun!<\/p>\n<p>Gjat\u00eb konferenc\u00ebs p\u00ebr shtyp, Berisha tha se, Lubia ka k\u00ebrc\u00ebnuar zyrtar\u00ebt e drejt\u00ebsis\u00eb me banda<\/p>\n<p><strong>Marsi Korreshi: Zoti Berisha, 12 marsi n\u00eb fakt \u00ebsht\u00eb afati i fundit ligjor p\u00ebr t\u00eb shqyrtuar \u00e7\u00ebshtjen e imunitetit t\u00eb Ballukut n\u00eb seanc\u00eb n\u00eb Kuvend. Po n\u00ebse mazhoranca kalon p\u00ebrtej k\u00ebtij afati, \u00e7far\u00eb ndodh?<\/strong><\/p>\n<p><strong>Sali Berisha:<\/strong> Ka shum\u00eb mund\u00ebsi q\u00eb kjo po ndodh. Q\u00eb ata po djegin afatin 3-mujor.<br \/>\nKa shum\u00eb mund\u00ebsi.<br \/>\nSi\u00e7 e shihni ju, Edi Rama nuk pranon kurr\u00eb t\u00eb dor\u00ebzoj\u00eb veten n\u00eb gjykat\u00eb.<br \/>\nB\u00ebri p\u00ebrpjekje t\u00eb jasht\u00ebzakonshme p\u00ebr marr\u00ebveshje, por nuk i eci.<br \/>\nLubi Balluku q\u00eb ky mbron \u00ebsht\u00eb nj\u00eb kriminele multidimensionale e pashoqe n\u00eb historin\u00eb e Shqip\u00ebris\u00eb.<br \/>\nP\u00ebrve\u00e7 vjedhjeve t\u00eb saj bashk\u00eb me Ram\u00ebn, bashk\u00eb me ish-burrin e saj, e mor\u00ebt vesh ju, at\u00eb e ka me divorc gjoja, por jo p\u00ebr t\u00eb vjedhur, p\u00ebr t\u00eb vjedhur jan\u00eb bashk\u00eb me Kol Ball\u00ebn.<br \/>\nTransaksionet e tij jan\u00eb t\u00eb pafundme bashk\u00eb me sojin dhe sorollopin e saj.<br \/>\nKa b\u00ebr\u00eb p\u00ebrpjekje t\u00eb hapura p\u00ebr t\u00eb d\u00ebmtuar provat.<br \/>\nKa k\u00ebrc\u00ebnuar zyrtar\u00ebt e drejt\u00ebsis\u00eb me banda dhe bandit\u00eb, \u00e7ka fakton se t\u00eb gjitha k\u00ebrc\u00ebnimet q\u00eb i jan\u00eb b\u00ebr\u00eb prokuror\u00ebve t\u00eb SKAP jan\u00eb b\u00ebr\u00eb nga qeveritar\u00ebt me bandat e tyre.<br \/>\nPo, u jan\u00eb d\u00ebrguar mesazhe k\u00ebrc\u00ebnuese, vdekjeprur\u00ebse dhe prapa tyre q\u00ebndron e t\u00ebra Lubia dhe Edi Rama.<br \/>\nFaktikisht me k\u00ebto veprime ai asgj\u00ebson sistemin e drejt\u00ebsis\u00eb n\u00eb Shqip\u00ebri.<br \/>\nSistemi i drejt\u00ebsis\u00eb groposet, \u00e7ka nuk ka ndodhur edhe kur shtet nuk kishin, kishin ligjin e tyre shqiptar\u00ebt. Kishin kodin e tyre civil, kodin e tyre penal, kishin gjykatat, pleq\u00ebsit\u00eb, etj.<br \/>\nKjo q\u00eb po b\u00ebn ky \u00ebsht\u00eb e pashembullt n\u00eb historin\u00eb e shqiptar\u00ebve.<br \/>\nPor t\u00eb gjitha faktojn\u00eb se strumbullari i t\u00eb gjitha k\u00ebtyre \u00ebsht\u00eb ai vet\u00eb.<br \/>\nAKSHI \u00ebsht\u00eb vorbulla m\u00eb e zez\u00eb n\u00eb historin\u00eb e shtetit shqiptar.<br \/>\nErgys Agasi \u00ebsht\u00eb Edi Rama, njeriu q\u00eb organizon vrasje, njeriu q\u00eb organizon vjedhjen e t\u00eb gjitha t\u00eb dh\u00ebnave t\u00eb qytetar\u00ebve shqiptar\u00eb p\u00ebr t\u2019ua dh\u00ebn\u00eb bandave dhe armiqve t\u00eb Shqip\u00ebris\u00eb.<br \/>\nErgys Agasi, me videot e tij, i ka kompromentuar k\u00ebta m\u00eb shum\u00eb se ato t\u00eb Epstein jan\u00eb lule \u00e7far\u00eb ka zyra e Agasit, duke filluar nga Rama vet\u00eb dhe vazhduar me ministra, me drejtues kryesor\u00eb institucionesh, me prokuror\u00eb, me gjykat\u00ebs, me polic\u00eb, etj.<br \/>\nPra, jan\u00eb shqiptar\u00ebt ata t\u00eb cil\u00ebt do thon\u00eb fjal\u00ebn e tyre.<br \/>\nVet\u00ebm nj\u00eb gj\u00eb, sot askush nuk mund t\u00eb thot\u00eb se un\u00eb nuk e dita.<br \/>\nNuk duhet t\u00eb abuzoj me krahasime, por rikujtoj k\u00ebtu nj\u00eb moment n\u00eb vitin 1991 n\u00eb parlament, kur nj\u00eb eksponent i PS u ngrit e tha, nga ta dija un\u00eb se Enver Hoxha kishte tre dynym qilima persian\u00eb n\u00eb sht\u00ebpi.<br \/>\nAi nuk e dinte at\u00eb.<br \/>\nAi dinte q\u00eb Enver Hoxha ka vrar\u00eb, ka prer\u00eb, i ka b\u00ebr\u00eb t\u00eb gjitha, por p\u00ebr ato ishte bashkautor vet\u00eb. Kurse tek qilimat nuk e dinte.<br \/>\nKurse tani p\u00ebr Edi Ram\u00ebn dihen t\u00eb gjitha.<br \/>\nNuk mund t\u00eb thot\u00eb njeri q\u00eb nuk dita.<br \/>\nNdaj dhe duhet t\u00eb dalim, t\u00eb bashkohemi, t\u2019i japim at\u00eb q\u00eb meriton atij dhe organizat\u00ebs s\u00eb tij kriminale.<\/p>\n","protected":false},"excerpt":{"rendered":"<p>Kryetari i PD, Sali Berisha tha se, Rama po djeg afatin 3-mujor p\u00ebr t\u00eb shp\u00ebtuar Ballukun! Gjat\u00eb konferenc\u00ebs p\u00ebr shtyp, Berisha tha se, Lubia ka k\u00ebrc\u00ebnuar zyrtar\u00ebt e drejt\u00ebsis\u00eb me banda Marsi Korreshi: Zoti Berisha, 12 marsi n\u00eb fakt \u00ebsht\u00eb afati i fundit ligjor p\u00ebr t\u00eb shqyrtuar \u00e7\u00ebshtjen e imunitetit t\u00eb Ballukut n\u00eb seanc\u00eb n\u00eb &hellip;<\/p>\n","protected":false},"author":4,"featured_media":137313,"comment_status":"closed","ping_status":"closed","sticky":false,"template":"","format":"standard","meta":{"footnotes":""},"categories":[37],"tags":[],"class_list":["post-137312","post","type-post","status-publish","format-standard","has-post-thumbnail","","category-politike"],"_links":{"self":[{"href":"https:\/\/rdnews.al\/index.php\/wp-json\/wp\/v2\/posts\/137312","targetHints":{"allow":["GET"]}}],"collection":[{"href":"https:\/\/rdnews.al\/index.php\/wp-json\/wp\/v2\/posts"}],"about":[{"href":"https:\/\/rdnews.al\/index.php\/wp-json\/wp\/v2\/types\/post"}],"author":[{"embeddable":true,"href":"https:\/\/rdnews.al\/index.php\/wp-json\/wp\/v2\/users\/4"}],"replies":[{"embeddable":true,"href":"https:\/\/rdnews.al\/index.php\/wp-json\/wp\/v2\/comments?post=137312"}],"version-history":[{"count":2,"href":"https:\/\/rdnews.al\/index.php\/wp-json\/wp\/v2\/posts\/137312\/revisions"}],"predecessor-version":[{"id":137315,"href":"https:\/\/rdnews.al\/index.php\/wp-json\/wp\/v2\/posts\/137312\/revisions\/137315"}],"wp:featuredmedia":[{"embeddable":true,"href":"https:\/\/rdnews.al\/index.php\/wp-json\/wp\/v2\/media\/137313"}],"wp:attachment":[{"href":"https:\/\/rdnews.al\/index.php\/wp-json\/wp\/v2\/media?parent=137312"}],"wp:term":[{"taxonomy":"category","embeddable":true,"href":"https:\/\/rdnews.al\/index.php\/wp-json\/wp\/v2\/categories?post=137312"},{"taxonomy":"post_tag","embeddable":true,"href":"https:\/\/rdnews.al\/index.php\/wp-json\/wp\/v2\/tags?post=137312"}],"curies":[{"name":"wp","href":"https:\/\/api.w.org\/{rel}","templated":true}]}}