{"id":137321,"date":"2026-03-03T13:10:51","date_gmt":"2026-03-03T13:10:51","guid":{"rendered":"https:\/\/rdnews.al\/?p=137321"},"modified":"2026-03-03T13:10:51","modified_gmt":"2026-03-03T13:10:51","slug":"kush-eshte-besniku-i-ballukut-qe-po-bashkepunon-me-drejtesine-nga-burgu","status":"publish","type":"post","link":"https:\/\/rdnews.al\/index.php\/2026\/03\/03\/kush-eshte-besniku-i-ballukut-qe-po-bashkepunon-me-drejtesine-nga-burgu\/","title":{"rendered":"Kush \u00ebsht\u00eb besniku i Ballukut q\u00eb po bashk\u00ebpunon me drejt\u00ebsin\u00eb nga burgu"},"content":{"rendered":"<p><strong>Berberi i ka treguar prokuror\u00ebve t\u00eb SPAK vendndodhjen e\u00a0 telefonit t\u00eb tij, n\u00eb t\u00eb cilin jan\u00eb gjetur shum\u00eb dokumenta komprometuese p\u00ebr Ballukun.<\/strong><\/p>\n<p>Evis Berberi i arrestuar nga SPAK, q\u00eb del nga hetimet si nj\u00eb nga bashk\u00ebpun\u00ebtor\u00ebt m\u00eb t\u00eb ngusht\u00eb t\u00eb Ballukut po bashk\u00ebpunon me drejt\u00ebsin\u00eb. Sipas Kryetarit tw grupit parlamentar tw PD, Bardhi, Berberi ka bashk\u00ebpunuar me drejt\u00ebsin\u00eb p\u00ebr \u00e7\u00ebshtjen e telefonit q\u00eb p\u00ebrmbante komunikime t\u00eb r\u00ebnd\u00ebsishme. Ai pretendoi se n\u00eb kontrollin e par\u00eb telefoni nuk ishte gjetur n\u00eb banes\u00eb, nd\u00ebrsa n\u00eb kontrollin e dyt\u00eb, me instruksion t\u00eb vet\u00eb Berberit p\u00ebr vendndodhjen, SPAK dhe BKH kan\u00eb mundur t\u00eb sigurojn\u00eb provat. \u201cSi mendoni se Berberi do t\u00eb b\u00ebj\u00eb burg p\u00ebr Ballukun? Shkon ai n\u00eb burg dhe merr me vete edhe at\u00eb. Po Balluku do t\u00eb b\u00ebj\u00eb burg p\u00ebr Edi Ram\u00ebn? Jan\u00eb tre raste ku ajo ka l\u00ebn\u00eb t\u00eb kuptohet se n\u00ebse shkon n\u00eb burg, do t\u00eb marr\u00eb edhe t\u00eb tjer\u00eb me vete\u201d, u shpreh Bardhi.<\/p>\n","protected":false},"excerpt":{"rendered":"<p>Berberi i ka treguar prokuror\u00ebve t\u00eb SPAK vendndodhjen e\u00a0 telefonit t\u00eb tij, n\u00eb t\u00eb cilin jan\u00eb gjetur shum\u00eb dokumenta komprometuese p\u00ebr Ballukun. Evis Berberi i arrestuar nga SPAK, q\u00eb del nga hetimet si nj\u00eb nga bashk\u00ebpun\u00ebtor\u00ebt m\u00eb t\u00eb ngusht\u00eb t\u00eb Ballukut po bashk\u00ebpunon me drejt\u00ebsin\u00eb. Sipas Kryetarit tw grupit parlamentar tw PD, Bardhi, Berberi ka &hellip;<\/p>\n","protected":false},"author":3,"featured_media":123017,"comment_status":"closed","ping_status":"closed","sticky":false,"template":"","format":"standard","meta":{"footnotes":""},"categories":[37],"tags":[],"class_list":["post-137321","post","type-post","status-publish","format-standard","has-post-thumbnail","","category-politike"],"_links":{"self":[{"href":"https:\/\/rdnews.al\/index.php\/wp-json\/wp\/v2\/posts\/137321","targetHints":{"allow":["GET"]}}],"collection":[{"href":"https:\/\/rdnews.al\/index.php\/wp-json\/wp\/v2\/posts"}],"about":[{"href":"https:\/\/rdnews.al\/index.php\/wp-json\/wp\/v2\/types\/post"}],"author":[{"embeddable":true,"href":"https:\/\/rdnews.al\/index.php\/wp-json\/wp\/v2\/users\/3"}],"replies":[{"embeddable":true,"href":"https:\/\/rdnews.al\/index.php\/wp-json\/wp\/v2\/comments?post=137321"}],"version-history":[{"count":1,"href":"https:\/\/rdnews.al\/index.php\/wp-json\/wp\/v2\/posts\/137321\/revisions"}],"predecessor-version":[{"id":137322,"href":"https:\/\/rdnews.al\/index.php\/wp-json\/wp\/v2\/posts\/137321\/revisions\/137322"}],"wp:featuredmedia":[{"embeddable":true,"href":"https:\/\/rdnews.al\/index.php\/wp-json\/wp\/v2\/media\/123017"}],"wp:attachment":[{"href":"https:\/\/rdnews.al\/index.php\/wp-json\/wp\/v2\/media?parent=137321"}],"wp:term":[{"taxonomy":"category","embeddable":true,"href":"https:\/\/rdnews.al\/index.php\/wp-json\/wp\/v2\/categories?post=137321"},{"taxonomy":"post_tag","embeddable":true,"href":"https:\/\/rdnews.al\/index.php\/wp-json\/wp\/v2\/tags?post=137321"}],"curies":[{"name":"wp","href":"https:\/\/api.w.org\/{rel}","templated":true}]}}