{"id":137323,"date":"2026-03-03T13:17:38","date_gmt":"2026-03-03T13:17:38","guid":{"rendered":"https:\/\/rdnews.al\/?p=137323"},"modified":"2026-03-03T22:05:26","modified_gmt":"2026-03-03T22:05:26","slug":"pergjimi-zbardh-detajet-telefonata-11-minuteshe-e-ballukut-me-bandite-per-te-kercenuar-deshmitaret","status":"publish","type":"post","link":"https:\/\/rdnews.al\/index.php\/2026\/03\/03\/pergjimi-zbardh-detajet-telefonata-11-minuteshe-e-ballukut-me-bandite-per-te-kercenuar-deshmitaret\/","title":{"rendered":"P\u00ebrgjimi zbardh detajet\/ Telefonata 11 minut\u00ebshe e Ballukut me bandit\u00eb p\u00ebr t\u00eb k\u00ebrc\u00ebnuar d\u00ebshmitar\u00ebt"},"content":{"rendered":"<p><strong>Si i k\u00ebrc\u00ebnonte Balluku d\u00ebshmitar\u00ebt me kriminel\u00eb<\/strong><\/p>\n<p>Nj\u00eb element q\u00eb Kryetari i grupit parlamentar t\u00eb PD, Bardhi e ka cil\u00ebsuar thelb\u00ebsor p\u00ebr r\u00ebndimin e pozit\u00ebs s\u00eb Ballukut \u00ebsht\u00eb nj\u00eb bised\u00eb telefonike mbi 11 minuta, e zhvilluar m\u00eb 20 n\u00ebntor 2025, ku sipas tij evidentohet p\u00ebrdorimi i \u201ct\u00eb fort\u00ebve\u201d p\u00ebr t\u00eb intimiduar d\u00ebshmitar\u00eb. \u201cDosja q\u00eb ka ardhur n\u00eb Kuvend ka t\u00eb b\u00ebj\u00eb me 1 muaj qeverisje. E di si u shpreh\u00ebn prokuror\u00ebt, n\u00ebse ne printojm\u00eb p\u00ebrgjimet q\u00eb kemi p\u00ebr dosjen Balluku, na duhen m\u00eb shum\u00eb se 3 furgon\u00eb t\u00eb mbushur me let\u00ebr. M\u00eb \u00ebsht\u00eb dashur 10 dit\u00eb nga dosja voluminoze me 16 mij\u00eb faqe e Ballukut. Un\u00eb nuk lexoj brendin\u00eb e prov\u00ebs. T\u00eb fort\u00ebt ndajn\u00eb tendera, p\u00ebrcaktojn\u00eb dhe bashk\u00ebveprojn\u00eb n\u00eb tendera, ajo q\u00eb del qart\u00eb dhe q\u00eb prokuror\u00ebt e p\u00ebrdor\u00ebn p\u00ebr t\u00eb k\u00ebrkuar r\u00ebndimin e pozit\u00ebs, ishin p\u00ebrdorur nga Balluku, nj\u00eb bised\u00eb telefonike mbi 11 minuta t\u00eb dat\u00ebs 20 n\u00ebntor 2025 ku faktohet q\u00eb t\u00eb fort\u00ebt ishin p\u00ebrdorur p\u00ebr t\u00eb intimiduar d\u00ebshmitar\u00eb. Nj\u00ebr\u00ebs i kishin k\u00ebrc\u00ebnuar babain n\u00eb nj\u00eb qytet q\u00eb nuk \u00ebsht\u00eb n\u00eb Tiran\u00eb\u201d, deklaroi Bardhi.<\/p>\n","protected":false},"excerpt":{"rendered":"<p>Si i k\u00ebrc\u00ebnonte Balluku d\u00ebshmitar\u00ebt me kriminel\u00eb Nj\u00eb element q\u00eb Kryetari i grupit parlamentar t\u00eb PD, Bardhi e ka cil\u00ebsuar thelb\u00ebsor p\u00ebr r\u00ebndimin e pozit\u00ebs s\u00eb Ballukut \u00ebsht\u00eb nj\u00eb bised\u00eb telefonike mbi 11 minuta, e zhvilluar m\u00eb 20 n\u00ebntor 2025, ku sipas tij evidentohet p\u00ebrdorimi i \u201ct\u00eb fort\u00ebve\u201d p\u00ebr t\u00eb intimiduar d\u00ebshmitar\u00eb. \u201cDosja q\u00eb ka &hellip;<\/p>\n","protected":false},"author":3,"featured_media":137324,"comment_status":"closed","ping_status":"closed","sticky":false,"template":"","format":"standard","meta":{"footnotes":""},"categories":[40,37],"tags":[],"class_list":["post-137323","post","type-post","status-publish","format-standard","has-post-thumbnail","","category-aktualitet","category-politike"],"_links":{"self":[{"href":"https:\/\/rdnews.al\/index.php\/wp-json\/wp\/v2\/posts\/137323","targetHints":{"allow":["GET"]}}],"collection":[{"href":"https:\/\/rdnews.al\/index.php\/wp-json\/wp\/v2\/posts"}],"about":[{"href":"https:\/\/rdnews.al\/index.php\/wp-json\/wp\/v2\/types\/post"}],"author":[{"embeddable":true,"href":"https:\/\/rdnews.al\/index.php\/wp-json\/wp\/v2\/users\/3"}],"replies":[{"embeddable":true,"href":"https:\/\/rdnews.al\/index.php\/wp-json\/wp\/v2\/comments?post=137323"}],"version-history":[{"count":1,"href":"https:\/\/rdnews.al\/index.php\/wp-json\/wp\/v2\/posts\/137323\/revisions"}],"predecessor-version":[{"id":137325,"href":"https:\/\/rdnews.al\/index.php\/wp-json\/wp\/v2\/posts\/137323\/revisions\/137325"}],"wp:featuredmedia":[{"embeddable":true,"href":"https:\/\/rdnews.al\/index.php\/wp-json\/wp\/v2\/media\/137324"}],"wp:attachment":[{"href":"https:\/\/rdnews.al\/index.php\/wp-json\/wp\/v2\/media?parent=137323"}],"wp:term":[{"taxonomy":"category","embeddable":true,"href":"https:\/\/rdnews.al\/index.php\/wp-json\/wp\/v2\/categories?post=137323"},{"taxonomy":"post_tag","embeddable":true,"href":"https:\/\/rdnews.al\/index.php\/wp-json\/wp\/v2\/tags?post=137323"}],"curies":[{"name":"wp","href":"https:\/\/api.w.org\/{rel}","templated":true}]}}