{"id":137326,"date":"2026-03-03T17:58:42","date_gmt":"2026-03-03T17:58:42","guid":{"rendered":"https:\/\/rdnews.al\/?p=137326"},"modified":"2026-03-03T17:58:42","modified_gmt":"2026-03-03T17:58:42","slug":"bela-fut-ne-bela-ndertimin","status":"publish","type":"post","link":"https:\/\/rdnews.al\/index.php\/2026\/03\/03\/bela-fut-ne-bela-ndertimin\/","title":{"rendered":"Bela fut n\u00eb bela nd\u00ebrtimin&#8230;"},"content":{"rendered":"<p>P\u00ebr her\u00eb t\u00eb par\u00eb n\u00eb shum\u00eb vite, K\u00ebshilli Komb\u00ebtar i Territorit dhe Ujit ka mbyllur qepenat dhe nuk mblidhet prej t\u00eb pakt\u00ebn 4 muajsh. Arsyeja \u00ebsht\u00eb ministria e Infrastruktur\u00ebs dhe Energjis\u00eb. Ose m\u00eb sakt\u00eb, problemet e ish ministres Belinda Balluku me drejt\u00ebsin\u00eb.<\/p>\n<p>Mbledhja e fundit e KKTU-s\u00eb \u00ebsht\u00eb zhvilluar n\u00eb 23 tetor t\u00eb vitit t\u00eb kaluar. Qindra bizneseve u \u00ebsht\u00eb dashur t\u00eb shtyjn\u00eb projektet e tyre, p\u00ebr shkak t\u00eb pamund\u00ebsis\u00eb p\u00ebr t\u00eb siguruar leje nd\u00ebrtimi. Paralizimi i KKTU-s\u00eb nuk ka prekur vet\u00ebm projektet e kullave apo resorteve, por edhe veprat publike, t\u00eb cilat k\u00ebrkojn\u00eb leje nd\u00ebrtimi.<\/p>\n<p>Situata e bllokimit ka nisur t\u00eb reflektohet fort edhe n\u00eb sentimentin e tregun. N\u00eb treguesin e ndjesis\u00eb q\u00eb publikon Banka e Shqip\u00ebris\u00eb, sektori nd\u00ebrtimit sh\u00ebnoi r\u00ebnien m\u00eb t\u00eb madhe t\u00eb optimizmit.<\/p>\n<p>Indeksi i besimit n\u00eb nd\u00ebrtim u ul me m\u00eb shum\u00eb se 6 pik\u00eb p\u00ebrqindje p\u00ebr her\u00eb t\u00eb par\u00eb n\u00eb shum\u00eb vite, pavar\u00ebsisht se s\u00ebrish niveli i besimit n\u00eb nd\u00ebrtim mbetet mbi mesataren shum\u00ebvevje\u00e7are.<\/p>\n<p>P\u00ebr shkak t\u00eb vrullit t\u00eb madh t\u00eb nd\u00ebrtimeve, KKTU kishte konsiliduar nj\u00eb tradit\u00eb duke u mbledhur gati dy her\u00eb n\u00eb muaj. Por pasi SPAK mori t\u00eb pandehur Belinda Ballukun n\u00eb n\u00ebntor t\u00eb vitit t\u00eb kaluar, mbledhjet e KKTU u bllokuan automatikisht, pasi ministria e Infrastruktur\u00ebs \u00ebsht\u00eb dhe institucioni kryesor i linj\u00ebs n\u00eb rregullimin e territorit dhe urbanistik\u00ebs.<\/p>\n<p>Pak dit\u00eb m\u00eb par\u00eb, kryeministri Edi Rama ndryshoi gjysm\u00ebn e qeveris\u00eb, duke p\u00ebrfshir\u00eb edhe ministrin e Infrastruktur\u00ebs. Belinda Balluku u shkarkua pas m\u00eb shum\u00eb se 6 viteve n\u00eb k\u00ebt\u00eb post duke u z\u00ebvend\u00ebsuar nga Enea Karaka\u00e7i.<\/p>\n<p>K\u00ebto ndryshime n\u00eb qeveri pritet t\u00eb zhbllokojn\u00eb edhe KKTU-n\u00eb, e cila parashikohet t\u00eb mblidhet gjat\u00eb dit\u00ebve n\u00eb vijim.\/Kapitali.al<\/p>\n","protected":false},"excerpt":{"rendered":"<p>P\u00ebr her\u00eb t\u00eb par\u00eb n\u00eb shum\u00eb vite, K\u00ebshilli Komb\u00ebtar i Territorit dhe Ujit ka mbyllur qepenat dhe nuk mblidhet prej t\u00eb pakt\u00ebn 4 muajsh. Arsyeja \u00ebsht\u00eb ministria e Infrastruktur\u00ebs dhe Energjis\u00eb. Ose m\u00eb sakt\u00eb, problemet e ish ministres Belinda Balluku me drejt\u00ebsin\u00eb. Mbledhja e fundit e KKTU-s\u00eb \u00ebsht\u00eb zhvilluar n\u00eb 23 tetor t\u00eb vitit t\u00eb &hellip;<\/p>\n","protected":false},"author":4,"featured_media":129167,"comment_status":"closed","ping_status":"closed","sticky":false,"template":"","format":"standard","meta":{"footnotes":""},"categories":[37],"tags":[],"class_list":["post-137326","post","type-post","status-publish","format-standard","has-post-thumbnail","","category-politike"],"_links":{"self":[{"href":"https:\/\/rdnews.al\/index.php\/wp-json\/wp\/v2\/posts\/137326","targetHints":{"allow":["GET"]}}],"collection":[{"href":"https:\/\/rdnews.al\/index.php\/wp-json\/wp\/v2\/posts"}],"about":[{"href":"https:\/\/rdnews.al\/index.php\/wp-json\/wp\/v2\/types\/post"}],"author":[{"embeddable":true,"href":"https:\/\/rdnews.al\/index.php\/wp-json\/wp\/v2\/users\/4"}],"replies":[{"embeddable":true,"href":"https:\/\/rdnews.al\/index.php\/wp-json\/wp\/v2\/comments?post=137326"}],"version-history":[{"count":1,"href":"https:\/\/rdnews.al\/index.php\/wp-json\/wp\/v2\/posts\/137326\/revisions"}],"predecessor-version":[{"id":137327,"href":"https:\/\/rdnews.al\/index.php\/wp-json\/wp\/v2\/posts\/137326\/revisions\/137327"}],"wp:featuredmedia":[{"embeddable":true,"href":"https:\/\/rdnews.al\/index.php\/wp-json\/wp\/v2\/media\/129167"}],"wp:attachment":[{"href":"https:\/\/rdnews.al\/index.php\/wp-json\/wp\/v2\/media?parent=137326"}],"wp:term":[{"taxonomy":"category","embeddable":true,"href":"https:\/\/rdnews.al\/index.php\/wp-json\/wp\/v2\/categories?post=137326"},{"taxonomy":"post_tag","embeddable":true,"href":"https:\/\/rdnews.al\/index.php\/wp-json\/wp\/v2\/tags?post=137326"}],"curies":[{"name":"wp","href":"https:\/\/api.w.org\/{rel}","templated":true}]}}