{"id":137328,"date":"2026-03-03T18:03:49","date_gmt":"2026-03-03T18:03:49","guid":{"rendered":"https:\/\/rdnews.al\/?p=137328"},"modified":"2026-03-03T18:03:49","modified_gmt":"2026-03-03T18:03:49","slug":"denoncimi-nga-durresi-ndihmat-shkuan-vetem-per-socialistet-projekt-i-fshehur-per-prishjen-e-kenetes","status":"publish","type":"post","link":"https:\/\/rdnews.al\/index.php\/2026\/03\/03\/denoncimi-nga-durresi-ndihmat-shkuan-vetem-per-socialistet-projekt-i-fshehur-per-prishjen-e-kenetes\/","title":{"rendered":"Denoncimi nga Durr\u00ebsi: Ndihmat shkuan vet\u00ebm p\u00ebr socialist\u00ebt, projekt i fshehur p\u00ebr prishjen e K\u00ebnet\u00ebs"},"content":{"rendered":"<p>N\u00eb turin e rradh\u00ebs t\u00eb Foltores s\u00eb PD, t\u00eb zhvilluar sot n\u00eb Durr\u00ebs, mbajti fjal\u00ebn e tij edhe Drejtuesi i Grup Seksionit n\u00eb Durr\u00ebs t\u00eb Ri, Frrok Lleshi, i cili u shpreh se ndihmat pas t\u00ebrmeteve dhe p\u00ebrmbytjeve jan\u00eb shp\u00ebrndar\u00eb n\u00eb m\u00ebnyr\u00eb selektive, duke favorizuar vet\u00ebm mb\u00ebshtet\u00ebsit e Partis\u00eb Socialiste.<\/p>\n<p>Ai akuzoi qeverin\u00eb p\u00ebr nj\u00eb model diskriminues, duke p\u00ebrdorur lista patronazhist\u00ebsh p\u00ebr t\u00eb p\u00ebrfituar politikisht nga fatkeq\u00ebsit\u00eb natyrore, dhe k\u00ebrkoi ristrukturim t\u00eb brendsh\u00ebm t\u00eb PD-s\u00eb p\u00ebr t\u00eb rritur autoritetin dhe p\u00ebrfshirjen n\u00eb institucione.<\/p>\n<p><strong>Fjala e tij<\/strong><\/p>\n<p>Mir\u00ebmbr\u00ebma dhe p\u00ebrsh\u00ebndetje t\u00eb gjith\u00ebve. P\u00ebrsh\u00ebndetje, doktor Berisha. Salla flet vet\u00eb. Misioni historik i doktor Berish\u00ebs \u00ebsht\u00eb i jasht\u00ebzakonsh\u00ebm, \u00ebsht\u00eb i madh. Por edhe q\u00ebndresa jon\u00eb \u00ebsht\u00eb e fort\u00eb, e vazhdueshme, dhe misioni \u00ebsht\u00eb gjithmon\u00eb n\u00eb forc\u00ebn e duhur.<\/p>\n<p>N\u00eb em\u00ebr t\u00eb dy grup-seksioneve do t\u00eb thoja, sova, ose do t\u00eb informoja edhe doktor Berish\u00ebn q\u00eb puna jon\u00eb ka qen\u00eb sistematike, ka qen\u00eb me objektiva, ka qen\u00eb e vazhdueshme. Gjithmon\u00eb ne kemi q\u00ebndruar n\u00eb krye t\u00eb detyrave me korrektes\u00ebn m\u00eb t\u00eb madhe. Prandaj, gjat\u00eb gjith\u00eb fushatave, n\u00eb k\u00ebt\u00eb zon\u00eb, n\u00eb ish-K\u00ebnet\u00ebn, pik\u00ebrisht ku jan\u00eb edhe dy grup-seksionet nj\u00eb grup-seksion kemi qen\u00eb dikur do t\u00eb informoj q\u00eb ne nuk kemi humbur asnj\u00ebher\u00eb. Kjo ka qen\u00eb nj\u00eb arritje n\u00eb saje t\u00eb forc\u00ebs.<\/p>\n<p>Natyrisht q\u00eb k\u00ebtu nuk ka munguar as shpirti luftarak, as forca, as mendja, as korrektesa, as trim\u00ebria, as q\u00ebndresa, sepse, do themi, edhe si zon\u00eb, shpeshher\u00eb n\u00eb raport me pushtetin vendor q\u00eb ka mbi 25 vite dhe pushtetin qendror, kemi qen\u00eb ndoshta i kemi pasur edhe si kund\u00ebrshtar\u00eb, jo t\u00eb mir\u00ebfillt\u00eb, por gjithmon\u00eb n\u00eb shum\u00eb aspekte.<\/p>\n<p>Mjafton q\u00eb t\u00eb b\u00ebj nj\u00eb pyetje: Shikoji, q\u00eb ra t\u00ebrmeti, sht\u00ebpit\u00eb e kujt u prish\u00ebn? U prish\u00ebn sht\u00ebpit\u00eb e t\u00eb majt\u00ebve. Dometh\u00ebn\u00eb, n\u00ebnteksti n\u00ebnkuptohet, q\u00eb vet\u00ebm ata mor\u00ebn ndihma, mor\u00ebn nd\u00ebrtime. U p\u00ebrmbyt\u00ebm kat\u00ebr her\u00eb. P\u00ebrs\u00ebri, gjat\u00eb k\u00ebsaj kohe, sht\u00ebpit\u00eb e kujt u p\u00ebrmbyt\u00ebn? U p\u00ebrmbyt\u00ebn pik\u00ebrisht sht\u00ebpit\u00eb e atyre q\u00eb jan\u00eb t\u00eb majt\u00eb.<\/p>\n<p>\u00c7far\u00eb ndodh k\u00ebtu? Gjithmon\u00eb ata kan\u00eb mb\u00ebshtetjen, kan\u00eb p\u00ebrkrahjen. Nj\u00eb pushtet i nj\u00ebansh\u00ebm. Ne nuk e kemi b\u00ebr\u00eb di\u00e7ka t\u00eb till\u00eb. \u00cbsht\u00eb nj\u00eb lloj sikur n\u00eb profesionin tim un\u00eb jam m\u00ebsues t\u00eb klasifikoj, t\u00eb ndaj: k\u00ebta nx\u00ebn\u00ebs jan\u00eb t\u00eb majt\u00eb, k\u00ebta jan\u00eb t\u00eb djatht\u00eb. Kjo \u00ebsht\u00eb pjes\u00eb e injoranc\u00ebs. Kjo, me t\u00eb gjith\u00eb mend, tregon nj\u00eb prapambetje t\u00eb theksuar.<\/p>\n<p>Prandaj, nj\u00eb raport i till\u00eb me pushtetin ka qen\u00eb gjithmon\u00eb inekzistent p\u00ebr ne vet\u00eb. Dometh\u00ebn\u00eb, ne kemi qen\u00eb gjithmon\u00eb t\u00eb disfavorsh\u00ebm. Pra, asnj\u00eb ndihm\u00eb, asgj\u00eb. \u00c7do gj\u00eb \u00ebsht\u00eb b\u00ebr\u00eb vet\u00ebm p\u00ebr fushat\u00eb.<\/p>\n<p>Ja, p\u00ebr shembull, do t\u00eb marr edhe nj\u00eb rast; meq\u00eb na ra shorti, ndoshta fola nj\u00eb \u00e7ik\u00eb gjat\u00eb. Shikoji ndihmat q\u00eb u mor\u00ebn. Shkova nj\u00eb dit\u00eb vet\u00ebm, i pash\u00eb ato lista, jo se kishim nevoj\u00eb, edhe ato sepse nuk kemi ngelur pa ato. Megjithat\u00eb, aty shikoja q\u00eb ishin lista q\u00eb jan\u00eb p\u00ebrdorur n\u00eb fushat\u00ebn e 11 Majit. Dometh\u00ebn\u00eb, ishin lista me t\u00eb v\u00ebrtet\u00eb t\u00eb atyre q\u00eb merrnin informacion nga patronazhist\u00ebt. Pra, shikoni sa t\u00eb nj\u00ebansh\u00ebm jan\u00eb.<\/p>\n<p>Tani, un\u00eb mendoj q\u00eb \u00ebsht\u00eb momenti, kam dy gj\u00ebra. Un\u00eb kam nj\u00eb mendim, zoti Berisha. Duke qen\u00eb q\u00eb edhe ana demografike, un\u00eb mendoj q\u00eb nganj\u00ebher\u00eb edhe strukturat e PD-s\u00eb mbase mund t\u00eb jen\u00eb nj\u00eb \u00e7ik\u00eb m\u00eb elastike, m\u00eb t\u00eb l\u00ebvizshme, mund t\u00eb nd\u00ebrtohen mbase edhe me n\u00ebn-deg\u00eb. Pra, mund t\u00eb shtojm\u00eb di\u00e7ka, sepse rrisim edhe raportin, por rrisim edhe autoritetin, dhe probabiliteti k\u00ebrkon q\u00eb t\u00eb kemi m\u00eb shum\u00eb p\u00ebrfshirje n\u00eb institucione. Nd\u00ebrtohen edhe raporte m\u00eb t\u00eb drejta ose nj\u00eb marr\u00ebdh\u00ebnie e drejt\u00eb me mjedisin.<\/p>\n<p>Problemi i fundit q\u00eb kam, sepse nuk do t\u00eb flas shum\u00eb, kam edhe probleme, sepse ekziston nj\u00eb projekt i fshehur p\u00ebr prishjen e K\u00ebnet\u00ebs, faktikisht. Un\u00eb bile i kemi me disa firma, edhe un\u00eb e jap dometh\u00ebn\u00eb, duke folur gjithmon\u00eb n\u00eb an\u00ebn, gjithmon\u00eb duke folur edhe n\u00eb em\u00ebr t\u00eb banor\u00ebve dhe t\u00eb gjith\u00eb demokrat\u00ebve mendoj q\u00eb ky projekt, ose k\u00ebto gj\u00ebra, t\u00eb rishikohen me ardhjen n\u00eb pushtet t\u00eb Partis\u00eb Demokratike.<\/p>\n<p>E fundit q\u00eb do ta mbyll \u00ebsht\u00eb, p\u00ebrs\u00ebri ju uroj, zoti Berisha, forc\u00eb, sh\u00ebndet. 13 kilometrat q\u00eb b\u00ebri pik\u00ebrisht me dat\u00ebn 28 jan\u00eb t\u00eb v\u00ebshtira edhe p\u00ebr brezin e ri, edhe duke i b\u00ebr\u00eb si ai alpinisti q\u00eb p\u00ebrballon v\u00ebshtir\u00ebsit\u00eb \u2013dometh\u00ebn\u00eb ujin, gazin, trysnin\u00eb, presionin t\u00eb gjitha i p\u00ebrballoi. Kjo tregon forc\u00ebn.<\/p>\n<p>Edhe i ngjan pik\u00ebrisht. Do ta mbyll me at\u00eb q\u00eb thot\u00eb G\u00ebte i madh: \u201cLavdia asgj\u00eb, veprimi gjith\u00e7ka.\u201d Veprimi \u00ebsht\u00eb forc\u00eb; \u00ebsht\u00eb jeta e PD-s\u00eb.<\/p>\n","protected":false},"excerpt":{"rendered":"<p>N\u00eb turin e rradh\u00ebs t\u00eb Foltores s\u00eb PD, t\u00eb zhvilluar sot n\u00eb Durr\u00ebs, mbajti fjal\u00ebn e tij edhe Drejtuesi i Grup Seksionit n\u00eb Durr\u00ebs t\u00eb Ri, Frrok Lleshi, i cili u shpreh se ndihmat pas t\u00ebrmeteve dhe p\u00ebrmbytjeve jan\u00eb shp\u00ebrndar\u00eb n\u00eb m\u00ebnyr\u00eb selektive, duke favorizuar vet\u00ebm mb\u00ebshtet\u00ebsit e Partis\u00eb Socialiste. Ai akuzoi qeverin\u00eb p\u00ebr nj\u00eb &hellip;<\/p>\n","protected":false},"author":4,"featured_media":105735,"comment_status":"closed","ping_status":"closed","sticky":false,"template":"","format":"standard","meta":{"footnotes":""},"categories":[37],"tags":[],"class_list":["post-137328","post","type-post","status-publish","format-standard","has-post-thumbnail","","category-politike"],"_links":{"self":[{"href":"https:\/\/rdnews.al\/index.php\/wp-json\/wp\/v2\/posts\/137328","targetHints":{"allow":["GET"]}}],"collection":[{"href":"https:\/\/rdnews.al\/index.php\/wp-json\/wp\/v2\/posts"}],"about":[{"href":"https:\/\/rdnews.al\/index.php\/wp-json\/wp\/v2\/types\/post"}],"author":[{"embeddable":true,"href":"https:\/\/rdnews.al\/index.php\/wp-json\/wp\/v2\/users\/4"}],"replies":[{"embeddable":true,"href":"https:\/\/rdnews.al\/index.php\/wp-json\/wp\/v2\/comments?post=137328"}],"version-history":[{"count":1,"href":"https:\/\/rdnews.al\/index.php\/wp-json\/wp\/v2\/posts\/137328\/revisions"}],"predecessor-version":[{"id":137329,"href":"https:\/\/rdnews.al\/index.php\/wp-json\/wp\/v2\/posts\/137328\/revisions\/137329"}],"wp:featuredmedia":[{"embeddable":true,"href":"https:\/\/rdnews.al\/index.php\/wp-json\/wp\/v2\/media\/105735"}],"wp:attachment":[{"href":"https:\/\/rdnews.al\/index.php\/wp-json\/wp\/v2\/media?parent=137328"}],"wp:term":[{"taxonomy":"category","embeddable":true,"href":"https:\/\/rdnews.al\/index.php\/wp-json\/wp\/v2\/categories?post=137328"},{"taxonomy":"post_tag","embeddable":true,"href":"https:\/\/rdnews.al\/index.php\/wp-json\/wp\/v2\/tags?post=137328"}],"curies":[{"name":"wp","href":"https:\/\/api.w.org\/{rel}","templated":true}]}}