{"id":137333,"date":"2026-03-03T18:30:21","date_gmt":"2026-03-03T18:30:21","guid":{"rendered":"https:\/\/rdnews.al\/?p=137333"},"modified":"2026-03-03T18:30:21","modified_gmt":"2026-03-03T18:30:21","slug":"berisha-nga-durresi-qeveria-braktisi-600-familje-nen-uje-vodhi-fondet-e-kanaleve-dhe-refuzoi-te-shpalle-gjendjen-e-emergjences","status":"publish","type":"post","link":"https:\/\/rdnews.al\/index.php\/2026\/03\/03\/berisha-nga-durresi-qeveria-braktisi-600-familje-nen-uje-vodhi-fondet-e-kanaleve-dhe-refuzoi-te-shpalle-gjendjen-e-emergjences\/","title":{"rendered":"Berisha nga Durr\u00ebsi: Qeveria braktisi 600 familje n\u00ebn uj\u00eb, vodhi fondet e kanaleve dhe refuzoi t\u00eb shpall\u00eb gjendjen e emergjenc\u00ebs"},"content":{"rendered":"<p>Kryetari i PD, Sali Berisha, n\u00eb turin e rradh\u00ebs t\u00eb Foltores n\u00eb Durr\u00ebs u shpreh se, qeveria ka braktisur 600 familje t\u00eb p\u00ebrmbytura, ka vjedhur fondet e kanaleve dhe ka refuzuar t\u00eb shpall\u00eb gjendjen e emergjenc\u00ebs.<\/p>\n<p>Berisha akuzoi drejtuesit e pushtetit p\u00ebr ciniz\u00ebm, injorim dhe korrupsion, duke theksuar se nd\u00ebrhyrjet e vonuara dhe keqmenaxhimi i infrastruktur\u00ebs kan\u00eb shkaktuar d\u00ebme t\u00eb jasht\u00ebzakonshme p\u00ebr qytetar\u00ebt e Durr\u00ebsit.<\/p>\n<p>Berisha: T\u00eb dashur demokrat\u00eb dhe demokrate, t\u00eb qytetit t\u00eb Durr\u00ebsit, qarkut. Nj\u00eb p\u00ebrsh\u00ebndetje t\u00eb p\u00ebrzem\u00ebrt ju q\u00eb jeni k\u00ebtu, dhe t\u00eb gjith\u00eb t\u00eb tjer\u00ebve kudo q\u00eb ndodhen, n\u00eb Durr\u00ebsin e ri, n\u00eb Durr\u00ebs qarkun e Durr\u00ebsit, n\u00eb Shqip\u00ebri, jasht\u00eb vendit, kudo q\u00eb ndodhen dhe nj\u00eb mir\u00ebnjohje t\u00eb pakufishme.<\/p>\n<p>I nderuar z.kryetar, udh\u00ebheq\u00ebs politik i qarkut t\u00eb Durr\u00ebsit, z.Bylykbashi, t\u00eb dashur deputet\u00eb, kryetar i PD, deputet\u00eb, drejtues t\u00eb grupseksioneve, kandidat\u00eb p\u00ebr deputet\u00eb dhe an\u00ebtar\u00eb t\u00eb strukturave tona.<\/p>\n<p>Vij k\u00ebtu, s\u00eb pari, p\u00ebr t\u00eb shprehur nj\u00eb mir\u00ebnjohje t\u00eb pakufishme ndaj jush dhe jam i bindur se kjo mir\u00ebnjohje \u00ebsht\u00eb e mbar\u00eb shqiptar\u00ebve, sepse ju n\u00eb k\u00ebt\u00eb vend, n\u00eb k\u00ebt\u00eb territor ngrit\u00ebt me djers\u00ebn e ballit, m\u00eb sakrifica t\u00eb jasht\u00ebzakonshme nj\u00eb Durr\u00ebs t\u00eb dyt\u00eb, Durr\u00ebsin e ri.<\/p>\n<p>Ju, nuk zgjodh\u00ebt q\u00eb k\u00ebto sakrifica, k\u00ebt\u00eb djers\u00eb, ta derdhnit n\u00eb vende tjera dhe e kishit plot\u00ebsisht t\u00eb mundshme. Por, zgjodh\u00ebt nj\u00eb terren, e v\u00ebrteta \u00ebsht\u00eb, m\u00eb i pap\u00ebrshtatshmi po ta marrim n\u00eb disa aspekte, q\u00eb quhej K\u00ebnet\u00eb, dhe e till\u00eb ishte. Por, njer\u00ebz guximtar\u00eb, njer\u00ebz pun\u00ebtor\u00eb, u p\u00ebrvesh\u00ebn pun\u00ebs, sakrificave dhe e shnd\u00ebrruat at\u00eb n\u00eb nj\u00eb nga qytetet e m\u00ebdha t\u00eb Shqip\u00ebris\u00eb.<\/p>\n<p>Nj\u00eb homazh dhe nderim t\u00eb ve\u00e7ant\u00eb p\u00ebr qytetar\u00ebt e Durr\u00ebsit, e kan\u00eb nj\u00eb merit\u00eb shum\u00eb t\u00eb madhe. Qytet port, dhe askush prurjet nuk i ka pritur m\u00eb me fisnik\u00ebri, m\u00eb me zem\u00ebr t\u00eb hapur se qyteti i Durr\u00ebsit, dhe kjo u b\u00ebn nder k\u00ebtyre qytetar\u00ebve.<\/p>\n<p>Por un\u00eb kam mir\u00ebnjohjen time p\u00ebr ju, sepse i keni dh\u00ebn\u00eb nj\u00eb mb\u00ebshtetje t\u00eb madhe PD, nj\u00eb mb\u00ebshtetje p\u00ebr \u00e7ka ne u detyrohemi shum\u00eb.<\/p>\n<p>Miqt\u00eb e mi, Durr\u00ebsi dy muajt e fundit ka nxjerr\u00eb n\u00eb pah t\u00eb gjith\u00eb sh\u00ebmtin\u00eb, t\u00eb gjith\u00eb fytyr\u00ebn e sh\u00ebmtuar t\u00eb k\u00ebtij pushteti dhe k\u00ebsaj qeverie. Ne shqiptar\u00ebt e kemi nj\u00eb fjal\u00eb t\u00eb v\u00ebrtet\u00eb: miku i mir\u00eb njihet n\u00eb dit\u00eb t\u00eb v\u00ebshtir\u00eb. Durr\u00ebsi, k\u00ebto muajt e fundit, qyteti i ri dhe i vjet\u00ebr, rrethinat, kan\u00eb njohur p\u00ebrmbytjet pothuaj apokaliptike, t\u00eb papara ndonj\u00ebher\u00eb.<\/p>\n<p>Ka njohur m\u00eb keq se kaq, injorimin e plot\u00eb nga pushteti dhe qeveria. Mashtrimin e plot\u00eb nga pushteti dhe qeveria. Cinizmin ekstrem nga pushteti dhe qeveria.<\/p>\n<p>P\u00ebrmbytjet, natyrisht, t\u00eb shkaktuara nga shirat, por po kaq, nga korrupsioni, nga vjedhja e fondeve t\u00eb p\u00ebrcaktuara p\u00ebr pastrimin e kanaleve, p\u00ebr t\u00ebrheqjen, evakuimin e ujrave nga hidrovor\u00ebt dhe sistemi\u00a0 i kanalizimeve.<\/p>\n<p>A ka njeri t\u00eb ket\u00eb p\u00ebsuar gj\u00ebn\u00eb m\u00eb t\u00eb vog\u00ebl, ta quajm\u00eb sabotim \u00ebsht\u00eb pak, se t\u00eb p\u00ebrmbys\u00ebsh 600 familje, t\u2019u fus\u00ebsh ujin dhe t\u2019i l\u00ebsh ato me dit\u00eb t\u00eb t\u00ebra, \u00ebsht\u00eb nj\u00eb krim i sh\u00ebmtuar i shum\u00eblloj. A dha kush llogari p\u00ebr k\u00ebt\u00eb q\u00eb ndodhi? Askurr\u00ebkush!<\/p>\n<p>Kush i vodhi parat\u00eb e kanaleve, 42 milion\u00eb p\u00ebr pastrimin?<\/p>\n<p>Kush e spostoi hidrovorin n\u00eb kund\u00ebrshti me t\u00eb gjitha kondicionet e hidrovoreve, nga aty ku ishte e ngriti 1.2 met\u00ebr m\u00eb lart\u00eb?<\/p>\n<p>Kush i vodhi pompat e hidrovorit t\u00eb Hamall\u00ebs?<\/p>\n<p>Q\u00eb t\u00eb gjitha pron\u00ebsi shtet\u00ebrore, t\u00eb mbrojtura, t\u00eb vjedhura nga vet shteti.<\/p>\n<p>Pra, ku jemi ne?<\/p>\n<p>Ne kemi arritur n\u00eb nj\u00eb stad, n\u00eb nj\u00eb moment t\u00eb paimagjinuesh\u00ebm. K\u00ebta q\u00eb qeverisin sot shqiptar\u00ebt, ju garantoj se k\u00ebta sillen si pushtuesit m\u00eb t\u00eb eg\u00ebr q\u00eb shqiptar\u00ebt kan\u00eb njohur ndonj\u00ebher\u00eb. Mund t\u00eb ishte nj\u00eb pushtues k\u00ebtu, por po t\u00eb p\u00ebrmbyteshin 600 familje, do b\u00ebnte planin e emergjenc\u00ebs dhe tek secili do b\u00ebnte nj\u00eb ndihm\u00eb.<\/p>\n<p>Asnj\u00eb. As emergjenc\u00ebn nuk e shpalli. Sepse ligji i emergjenc\u00ebs \u00ebsht\u00eb i domosdsh\u00ebm, q\u00eb qeveria t\u00eb marr\u00eb fonde dhe t\u2019ua jap\u00eb t\u00eb d\u00ebmtuarve. Pa ligjin e emergjenc\u00ebs qeveria nuk vepron dot.<\/p>\n","protected":false},"excerpt":{"rendered":"<p>Kryetari i PD, Sali Berisha, n\u00eb turin e rradh\u00ebs t\u00eb Foltores n\u00eb Durr\u00ebs u shpreh se, qeveria ka braktisur 600 familje t\u00eb p\u00ebrmbytura, ka vjedhur fondet e kanaleve dhe ka refuzuar t\u00eb shpall\u00eb gjendjen e emergjenc\u00ebs. Berisha akuzoi drejtuesit e pushtetit p\u00ebr ciniz\u00ebm, injorim dhe korrupsion, duke theksuar se nd\u00ebrhyrjet e vonuara dhe keqmenaxhimi i &hellip;<\/p>\n","protected":false},"author":4,"featured_media":137334,"comment_status":"closed","ping_status":"closed","sticky":false,"template":"","format":"standard","meta":{"footnotes":""},"categories":[37],"tags":[],"class_list":["post-137333","post","type-post","status-publish","format-standard","has-post-thumbnail","","category-politike"],"_links":{"self":[{"href":"https:\/\/rdnews.al\/index.php\/wp-json\/wp\/v2\/posts\/137333","targetHints":{"allow":["GET"]}}],"collection":[{"href":"https:\/\/rdnews.al\/index.php\/wp-json\/wp\/v2\/posts"}],"about":[{"href":"https:\/\/rdnews.al\/index.php\/wp-json\/wp\/v2\/types\/post"}],"author":[{"embeddable":true,"href":"https:\/\/rdnews.al\/index.php\/wp-json\/wp\/v2\/users\/4"}],"replies":[{"embeddable":true,"href":"https:\/\/rdnews.al\/index.php\/wp-json\/wp\/v2\/comments?post=137333"}],"version-history":[{"count":1,"href":"https:\/\/rdnews.al\/index.php\/wp-json\/wp\/v2\/posts\/137333\/revisions"}],"predecessor-version":[{"id":137335,"href":"https:\/\/rdnews.al\/index.php\/wp-json\/wp\/v2\/posts\/137333\/revisions\/137335"}],"wp:featuredmedia":[{"embeddable":true,"href":"https:\/\/rdnews.al\/index.php\/wp-json\/wp\/v2\/media\/137334"}],"wp:attachment":[{"href":"https:\/\/rdnews.al\/index.php\/wp-json\/wp\/v2\/media?parent=137333"}],"wp:term":[{"taxonomy":"category","embeddable":true,"href":"https:\/\/rdnews.al\/index.php\/wp-json\/wp\/v2\/categories?post=137333"},{"taxonomy":"post_tag","embeddable":true,"href":"https:\/\/rdnews.al\/index.php\/wp-json\/wp\/v2\/tags?post=137333"}],"curies":[{"name":"wp","href":"https:\/\/api.w.org\/{rel}","templated":true}]}}