{"id":137349,"date":"2026-03-03T20:14:38","date_gmt":"2026-03-03T20:14:38","guid":{"rendered":"https:\/\/rdnews.al\/?p=137349"},"modified":"2026-03-03T21:19:22","modified_gmt":"2026-03-03T21:19:22","slug":"katastrofa-urbane-ne-qytetin-e-vlores-eshte-e-pranishme-ne-cdo-rruge-e-lagje","status":"publish","type":"post","link":"https:\/\/rdnews.al\/index.php\/2026\/03\/03\/katastrofa-urbane-ne-qytetin-e-vlores-eshte-e-pranishme-ne-cdo-rruge-e-lagje\/","title":{"rendered":"Katastrofa urbane n\u00eb qytetin e Vlor\u00ebs \u00ebsht\u00eb e pranishme n\u00eb \u00e7do rrug\u00eb e lagje!"},"content":{"rendered":"<p><strong>Sot, dat\u00eb 3 mars 2026, denoncim i Partis\u00eb Demokratike Dega Vlor\u00eb, n\u00eb zon\u00ebn e ish-fabrik\u00ebs s\u00eb \u00c7imentos n\u00eb Vlor\u00eb.<\/strong><\/p>\n<p>Katastrofa urbane dhe infrastrukturore n\u00eb qytetin e Vlor\u00ebs \u00ebsht\u00eb e pranishme n\u00eb \u00e7do rrug\u00eb e lagje, e shtrir\u00eb n\u00eb t\u00eb gjith\u00eb kapilaritetin infrastrukturor t\u00eb k\u00ebtij qyteti. Mbeturinat e pahequra p\u00ebr dit\u00eb me radh\u00eb, disa rrug\u00eb gjasme t\u00eb shtruara dhe disa t\u00eb tjera t\u00eb painvestuara p\u00ebr dekada; lagje q\u00eb, n\u00eb vend t\u00eb zonave rekreative, gjelb\u00ebrimit dhe parqeve p\u00ebr f\u00ebmij\u00eb, kan\u00eb male t\u00eb m\u00ebdha mbetjesh dhe vatra t\u00eb her\u00ebpashershme zjarri, ku digjen mbetjet e l\u00ebna p\u00ebr jav\u00eb t\u00eb t\u00ebra t\u00eb papastruara nga sh\u00ebrbimet publike t\u00eb Bashkis\u00eb Vlor\u00eb.<\/p>\n<p>Vlora \u00ebsht\u00eb l\u00ebn\u00eb n\u00eb m\u00ebshir\u00eb t\u00eb fatit. Rrug\u00ebt dhe lagjet e saj dergjen mes papast\u00ebrtis\u00eb, mbeturinave dhe rrug\u00ebve t\u00eb pashtruara. Shembulli m\u00eb konkret \u00ebsht\u00eb zona pran\u00eb ish-fabrik\u00ebs s\u00eb \u00e7imentos, ku situata \u00ebsht\u00eb m\u00eb shum\u00eb se dramatike. Mbetjet, papast\u00ebrtia dhe kanalet e hapura jan\u00eb panorama e vetme q\u00eb, p\u00ebr dekada me radh\u00eb, Bashkia Vlor\u00eb i ka rezervuar k\u00ebsaj zone.<\/p>\n<p>Ashtu si kjo zon\u00eb, jan\u00eb edhe dhjet\u00ebra lagje n\u00eb t\u00eb gjith\u00eb Bashkin\u00eb Vlor\u00eb, t\u00eb cilat duket sikur nuk ekzistojn\u00eb p\u00ebr sh\u00ebrbimet publike dhe p\u00ebr masterplanet e Bashkis\u00eb Vlor\u00eb.<\/p>\n<p><iframe loading=\"lazy\" style=\"border: none; overflow: hidden;\" src=\"https:\/\/www.facebook.com\/plugins\/video.php?height=316&amp;href=https%3A%2F%2Fwww.facebook.com%2Freel%2F1245283170359405%2F&amp;show_text=false&amp;width=560&amp;t=0\" width=\"560\" height=\"316\" frameborder=\"0\" scrolling=\"no\" allowfullscreen=\"allowfullscreen\"><\/iframe><\/p>\n","protected":false},"excerpt":{"rendered":"<p>Sot, dat\u00eb 3 mars 2026, denoncim i Partis\u00eb Demokratike Dega Vlor\u00eb, n\u00eb zon\u00ebn e ish-fabrik\u00ebs s\u00eb \u00c7imentos n\u00eb Vlor\u00eb. Katastrofa urbane dhe infrastrukturore n\u00eb qytetin e Vlor\u00ebs \u00ebsht\u00eb e pranishme n\u00eb \u00e7do rrug\u00eb e lagje, e shtrir\u00eb n\u00eb t\u00eb gjith\u00eb kapilaritetin infrastrukturor t\u00eb k\u00ebtij qyteti. Mbeturinat e pahequra p\u00ebr dit\u00eb me radh\u00eb, disa rrug\u00eb gjasme &hellip;<\/p>\n","protected":false},"author":4,"featured_media":124841,"comment_status":"closed","ping_status":"closed","sticky":false,"template":"","format":"standard","meta":{"footnotes":""},"categories":[134],"tags":[],"class_list":["post-137349","post","type-post","status-publish","format-standard","has-post-thumbnail","","category-news"],"_links":{"self":[{"href":"https:\/\/rdnews.al\/index.php\/wp-json\/wp\/v2\/posts\/137349","targetHints":{"allow":["GET"]}}],"collection":[{"href":"https:\/\/rdnews.al\/index.php\/wp-json\/wp\/v2\/posts"}],"about":[{"href":"https:\/\/rdnews.al\/index.php\/wp-json\/wp\/v2\/types\/post"}],"author":[{"embeddable":true,"href":"https:\/\/rdnews.al\/index.php\/wp-json\/wp\/v2\/users\/4"}],"replies":[{"embeddable":true,"href":"https:\/\/rdnews.al\/index.php\/wp-json\/wp\/v2\/comments?post=137349"}],"version-history":[{"count":2,"href":"https:\/\/rdnews.al\/index.php\/wp-json\/wp\/v2\/posts\/137349\/revisions"}],"predecessor-version":[{"id":137351,"href":"https:\/\/rdnews.al\/index.php\/wp-json\/wp\/v2\/posts\/137349\/revisions\/137351"}],"wp:featuredmedia":[{"embeddable":true,"href":"https:\/\/rdnews.al\/index.php\/wp-json\/wp\/v2\/media\/124841"}],"wp:attachment":[{"href":"https:\/\/rdnews.al\/index.php\/wp-json\/wp\/v2\/media?parent=137349"}],"wp:term":[{"taxonomy":"category","embeddable":true,"href":"https:\/\/rdnews.al\/index.php\/wp-json\/wp\/v2\/categories?post=137349"},{"taxonomy":"post_tag","embeddable":true,"href":"https:\/\/rdnews.al\/index.php\/wp-json\/wp\/v2\/tags?post=137349"}],"curies":[{"name":"wp","href":"https:\/\/api.w.org\/{rel}","templated":true}]}}