{"id":137355,"date":"2026-03-03T21:43:15","date_gmt":"2026-03-03T21:43:15","guid":{"rendered":"https:\/\/rdnews.al\/?p=137355"},"modified":"2026-03-03T21:43:15","modified_gmt":"2026-03-03T21:43:15","slug":"gazetarja-paralajmeron-rama-do-te-merret-i-pandehur-nga-spak-ose","status":"publish","type":"post","link":"https:\/\/rdnews.al\/index.php\/2026\/03\/03\/gazetarja-paralajmeron-rama-do-te-merret-i-pandehur-nga-spak-ose\/","title":{"rendered":"Gazetarja paralajm\u00ebron\/ Rama do t\u00eb merret i pandehur nga SPAK, ose&#8230;"},"content":{"rendered":"<p><strong>Klodiana LALA<\/strong><\/p>\n<p>Historia me zonj\u00ebn Balluku nisi qysh n\u00eb tetor t\u00eb vitit t\u00eb kaluar dhe q\u00eb u desh nj\u00eb rrug\u00eb e gjat\u00eb p\u00ebr t\u00eb ardhur deri n\u00eb dit\u00ebn kur ne jemi sot, ku pritet t\u00eb ket\u00eb nj\u00eb votim n\u00eb kuvend sa i p\u00ebrket k\u00ebrkes\u00ebs s\u00eb SPAK-ut p\u00ebr leje p\u00ebr arrestimin e saj. Duhet t\u00eb kemi parasysh q\u00eb dy ngjarjet nuk kan\u00eb lidhje me nj\u00ebra-tjetr\u00ebn. Pezullimi nga ushtrimi i funksioneve q\u00eb mbeti n\u00eb fakt pas nj\u00eb kalvari t\u00eb gjat\u00eb edhe shkuarjes s\u00eb \u00e7\u00ebshtjes deri n\u00eb Gjykat\u00ebn Kushtetuese, mbeti n\u00eb fuqi. N\u00eb fakt sot nuk ka m\u00eb asnj\u00eb vler\u00eb, sepse zonja Balluku nuk \u00ebsht\u00eb n\u00eb ato funksione. Nga ana tjet\u00ebr, SPAK insiston p\u00ebr ta d\u00ebrguar at\u00eb prapa hekurave, duke insistuar n\u00eb dy momente thelb\u00ebsore. S\u00eb pari thon\u00eb q\u00eb zonja n\u00eb fjal\u00eb \u00ebsht\u00eb duke intimiduar d\u00ebshmitar\u00eb edhe ka dyshime, pra n\u00eb p\u00ebrgjimin mes dy vart\u00ebseve t\u00eb saj ka, ka dyshime t\u00eb forta q\u00eb ajo mund t\u00eb ket\u00eb p\u00ebrdorur edhe ata q\u00eb konsiderohen t\u00eb fort\u00ebt p\u00ebr t&#8217;i intimiduar.<\/p>\n<p>Dhe s\u00eb dyti, p\u00ebrmes vart\u00ebsve t\u00eb saj, duke i k\u00ebrc\u00ebnuar me largim nga vendi i pun\u00ebs, ata ose familjar\u00ebt, apo edhe duke i joshur n\u00eb momente t\u00eb caktuara. Tani ku jam un\u00eb? Un\u00eb mendoj q\u00eb jam duke u p\u00ebrpjekur ta kuptoj k\u00ebt\u00eb gj\u00eb sepse kjo nuk \u00ebsht\u00eb vet\u00ebm nj\u00eb \u00e7\u00ebshtje penale, nj\u00eb \u00e7\u00ebshtje thjesht penale juridike, \u00ebsht\u00eb nj\u00eb \u00e7\u00ebshtje edhe politike. Madje \u00ebsht\u00eb sot m\u00eb shum\u00eb sesa politike. Dhe pse e them k\u00ebt\u00eb q\u00eb \u00ebsht\u00eb m\u00eb shum\u00eb sesa politike? Sepse keni SPAK nga nj\u00ebra an\u00eb, keni Belinda Ballukun n\u00eb mes dhe keni gjith\u00eb mazhoranc\u00ebn socialiste me n\u00eb krye Edi Ram\u00ebn, i cili ka b\u00ebr\u00eb si asnj\u00ebher\u00eb m\u00eb par\u00eb nj\u00eb betej\u00eb frontale me prokuror\u00ebt, me gjyqtar\u00ebt, me vuri n\u00eb l\u00ebvizje personalisht me firm\u00ebn e tij Gjykat\u00ebn Kushtetuese p\u00ebr \u00e7\u00ebshtjen e pezullimit.<\/p>\n<p>Po vonon n\u00eb m\u00ebnyr\u00eb t\u00eb paprecedent \u00e7\u00ebshtjen e votimit t\u00eb k\u00ebrkes\u00ebs s\u00eb SPAK-ut p\u00ebr leje p\u00ebr t\u00eb arrestuar zonj\u00ebn Balluku sa m\u00eb shum\u00eb t\u00eb mundet. Dhe si e shikoj un\u00eb k\u00ebt\u00eb dhe pse e shikoj politike? Sepse nuk shikoj nj\u00eb betej\u00eb t\u00eb Belinda Ballukut.\u00a0N\u00eb fakt shikoj nj\u00eb luft\u00eb politike mes SPAK dhe Edi Ram\u00ebs. Dhe Edi Rama, me sa kam kuptuar, nuk po mbron Belinda Ballukun. N\u00eb fakt po p\u00ebrpiqet t\u00eb mbroj\u00eb veten e vet ose t\u00eb marr\u00eb nj\u00eb garanci. Pra po b\u00ebn gjith\u00e7ka p\u00ebr t\u00eb marr\u00eb nj\u00eb garanci q\u00eb t\u00eb nes\u00ebrmen t\u00eb mos jet\u00eb i preksh\u00ebm nga SPAK-u.<\/p>\n<p>Un\u00eb nuk e shikoj k\u00ebt\u00eb si nj\u00eb negocim. Zoti Rama \u00ebsht\u00eb duke shtruar, rrug\u00ebn mendoj un\u00eb, ose \u00ebsht\u00eb duke v\u00ebn\u00eb disa kufij. Se \u00e7far\u00eb do t\u00eb thot\u00eb t\u00eb v\u00ebsh kufij? Do t\u00eb thot\u00eb q\u00eb t\u00eb shkosh n\u00eb Gjykat\u00eb Kushtetuese dhe t\u00eb p\u00ebrpiqesh me \u00e7do kusht duke sulmuar gjyqtar\u00ebt n\u00eb m\u00ebnyr\u00eb t\u00eb paprecedent q\u00eb t\u00eb marr\u00ebsh nj\u00eb vendim q\u00eb t\u00eb leverdis\u00eb dhe t&#8217;i mbash gjyqtar\u00ebt larg nga kabinetet qeveritar. Pra t&#8217;ju heq\u00ebsh t\u00eb drejt\u00ebn me gjykat\u00eb, me vendim gjyq\u00ebsor, sepse ju e dini vendimi i Gjykat\u00ebs Kushtetuese ka fuqin\u00eb e ligjit, p\u00ebr t\u00eb mos pezulluar ministra t\u00eb tjer\u00eb apo ndoshta dhe vet\u00eb at\u00eb n\u00eb t\u00eb ardhmen.\u00a0E dyta, \u00ebsht\u00eb duke b\u00ebr\u00eb ndryshime ligjore, \u00ebsht\u00eb duke b\u00ebr\u00eb \u00e7mos, t\u00eb pakt\u00ebn deri tani, sepse un\u00eb kam nj\u00eb q\u00ebndrim n\u00eb fakt disi ndryshe, p\u00ebr t\u00eb mos dh\u00ebn\u00eb imunitetin e zonj\u00ebs Balluku. Pra, jan\u00eb t\u00eb gjitha k\u00ebto, \u00ebsht\u00eb duke shtruar nj\u00eb terren q\u00eb t\u00eb nes\u00ebrmen t&#8217;i l\u00ebr\u00eb n\u00eb pamund\u00ebsi prokuror\u00ebt ose gjykat\u00ebsit p\u00ebr ta prekur at\u00eb.<\/p>\n<p>A do t\u00eb shkoj\u00eb SPAK telk Edi Rama apo Rama t\u00eb shkoj\u00eb n\u00eb dyert e SPAK. Direkt apo indirekt t\u00eb gjith\u00eb k\u00ebto afera Edi Rama i ka ditur. Ka pasur informacion. Nuk ndodh asgj\u00eb rast\u00ebsisht n\u00eb k\u00ebt\u00eb vend. Edi Rama di dhe \u00e7far\u00eb flitet n\u00eb \u00e7do emision televiziv. Ia zbardhin k\u00ebshilltar\u00ebt e vet. T\u00eb jesh e sigurt p\u00ebr t\u00eb. Edhe p\u00ebr nj\u00eb grua q\u00eb ishte shtatz\u00ebn\u00eb dhe kishte urdh\u00ebr-arrest Rama e dinte. E dinte dhe q\u00eb SPAK kishte sekuestruar tenderin e Porto Romanos, nd\u00ebrkoh\u00eb q\u00eb un\u00eb e mora vesh 2 dit\u00eb pasi e paralajm\u00ebroi Edi Rama kur tha se SPAK po sekuestron dhe tendera q\u00eb nuk kan\u00eb p\u00ebrfunduar procedurat. M\u00eb pas m\u00ebsova q\u00eb ishte Porto Romano. Un\u00eb mendoj q\u00eb Edi Rama do t\u00eb thirret si person n\u00eb dijeni n\u00eb SPAK, ose edhe si i pandehur, madje mund t\u00eb ndodh\u00eb brenda 2026.<\/p>\n","protected":false},"excerpt":{"rendered":"<p>Klodiana LALA Historia me zonj\u00ebn Balluku nisi qysh n\u00eb tetor t\u00eb vitit t\u00eb kaluar dhe q\u00eb u desh nj\u00eb rrug\u00eb e gjat\u00eb p\u00ebr t\u00eb ardhur deri n\u00eb dit\u00ebn kur ne jemi sot, ku pritet t\u00eb ket\u00eb nj\u00eb votim n\u00eb kuvend sa i p\u00ebrket k\u00ebrkes\u00ebs s\u00eb SPAK-ut p\u00ebr leje p\u00ebr arrestimin e saj. Duhet t\u00eb kemi &hellip;<\/p>\n","protected":false},"author":3,"featured_media":137356,"comment_status":"closed","ping_status":"closed","sticky":false,"template":"","format":"standard","meta":{"footnotes":""},"categories":[37],"tags":[],"class_list":["post-137355","post","type-post","status-publish","format-standard","has-post-thumbnail","","category-politike"],"_links":{"self":[{"href":"https:\/\/rdnews.al\/index.php\/wp-json\/wp\/v2\/posts\/137355","targetHints":{"allow":["GET"]}}],"collection":[{"href":"https:\/\/rdnews.al\/index.php\/wp-json\/wp\/v2\/posts"}],"about":[{"href":"https:\/\/rdnews.al\/index.php\/wp-json\/wp\/v2\/types\/post"}],"author":[{"embeddable":true,"href":"https:\/\/rdnews.al\/index.php\/wp-json\/wp\/v2\/users\/3"}],"replies":[{"embeddable":true,"href":"https:\/\/rdnews.al\/index.php\/wp-json\/wp\/v2\/comments?post=137355"}],"version-history":[{"count":1,"href":"https:\/\/rdnews.al\/index.php\/wp-json\/wp\/v2\/posts\/137355\/revisions"}],"predecessor-version":[{"id":137357,"href":"https:\/\/rdnews.al\/index.php\/wp-json\/wp\/v2\/posts\/137355\/revisions\/137357"}],"wp:featuredmedia":[{"embeddable":true,"href":"https:\/\/rdnews.al\/index.php\/wp-json\/wp\/v2\/media\/137356"}],"wp:attachment":[{"href":"https:\/\/rdnews.al\/index.php\/wp-json\/wp\/v2\/media?parent=137355"}],"wp:term":[{"taxonomy":"category","embeddable":true,"href":"https:\/\/rdnews.al\/index.php\/wp-json\/wp\/v2\/categories?post=137355"},{"taxonomy":"post_tag","embeddable":true,"href":"https:\/\/rdnews.al\/index.php\/wp-json\/wp\/v2\/tags?post=137355"}],"curies":[{"name":"wp","href":"https:\/\/api.w.org\/{rel}","templated":true}]}}