{"id":137380,"date":"2026-03-04T12:05:11","date_gmt":"2026-03-04T12:05:11","guid":{"rendered":"https:\/\/rdnews.al\/?p=137380"},"modified":"2026-03-04T12:05:11","modified_gmt":"2026-03-04T12:05:11","slug":"ndryshimet-e-njeanshme-bardhi-rregullorja-e-kuvendit-nuk-eshte-statuti-i-ps","status":"publish","type":"post","link":"https:\/\/rdnews.al\/index.php\/2026\/03\/04\/ndryshimet-e-njeanshme-bardhi-rregullorja-e-kuvendit-nuk-eshte-statuti-i-ps\/","title":{"rendered":"Ndryshimet e nj\u00ebanshme, Bardhi: Rregullorja e Kuvendit nuk \u00ebsht\u00eb Statuti i PS"},"content":{"rendered":"<p>Kryetari i Grupit Parlamentar t\u00eb PD, Gazment Bardhi ka reaguar n\u00eb lidhje me ndryshimet e nj\u00ebanshme t\u00eb lajm\u00ebruara nga mazhoranca socialiste p\u00ebr Rregulloren e Kuvendit.<\/p>\n<p>Bardhi shkruan se Rregullorja e Kuvendit nuk \u00ebsht\u00eb Statuti i PS, q\u00eb ndryshohet \u00e7do muaj sipas vullnetit t\u00eb vet\u00ebm nj\u00eb partie politike.<\/p>\n<p><strong>Reagimi<\/strong><\/p>\n<p>Rregullorja e Kuvendit nuk \u00ebsht\u00eb Statuti i PS, q\u00eb ndryshohet \u00e7do muaj sipas vullnetit t\u00eb vet\u00ebm nj\u00eb partie politike. Rregullorja e Kuvendit \u00ebsht\u00eb ligji q\u00eb garanton bashk\u00ebjetes\u00ebn e t\u00eb gjitha forcave politike brenda institucioneve demokratike, p\u00ebrcaktuar n\u00eb m\u00ebnyr\u00eb konsensuale dhe tashm\u00eb me rregulla t\u00eb konsoliduara.<\/p>\n<p>N\u00ebse nj\u00eb pal\u00eb dikton rregullat e bashk\u00ebjetes\u00ebs n\u00eb m\u00ebnyr\u00eb t\u00eb nj\u00ebnashme, at\u00ebher\u00eb kjo \u00ebsht\u00eb dhun\u00eb e shumic\u00ebs ndaj pakic\u00ebs brenda Kuvendit! Bashk\u00ebjetesa brenda institucioneve demokratike pamund\u00ebsohet dhe opozit\u00ebs i diktohet me forc\u00ebn e kartonit edhe n\u00ebse duhet t\u00eb flas\u00eb apo jo, sa duhet t\u00eb flas\u00eb dhe \u00e7far\u00eb duhet t\u00eb thot\u00eb.<\/p>\n<p>Duke d\u00ebnuar me forc\u00eb provokimin e ul\u00ebt t\u00eb Grupit Parlamentar t\u00eb PS p\u00ebrmes propozimit t\u00eb ri t\u00eb nj\u00ebansh\u00ebm p\u00ebr ndryshimin e Rregullores s\u00eb Kuvendit, i rikujtoj se po nxit p\u00ebrmes veprimeve t\u00eb nj\u00ebnashme, defunksionalizimin e Kuvendit dhe po i pamund\u00ebson opozit\u00ebs p\u00ebrmbushjen e vullnetit t\u00eb saj p\u00ebr t\u00eb ushtruar rolin e vet n\u00eb nj\u00eb shoq\u00ebri demokratike.<\/p>\n<p>Rikujtoj po ashtu, q\u00eb n\u00eb vitin 2012 ndryshimi vet\u00ebm me KONSENSUS i Rregullores s\u00eb Kuvendit ishte kusht i Komisionit Europian q\u00eb Shqip\u00ebria t\u00eb merrte statusin e vendit kandidat p\u00ebr n\u00eb BE. Po sot? Sot \u00ebsht\u00eb kthyer n\u00eb nj\u00eb leck\u00eb me t\u00eb cil\u00ebn mazhoranca e korruptuar e Edi Ram\u00ebs provokon \u00e7do muaj opozit\u00ebn, edhe kur k\u00ebsaj t\u00eb fundit i jep t\u00eb drejt\u00eb nj\u00ebz\u00ebri Gjykata Kushtetuese. Pa asnj\u00eb grimc\u00eb ndjese, pa asnj\u00eb grimc\u00eb reflektimi.<\/p>\n","protected":false},"excerpt":{"rendered":"<p>Kryetari i Grupit Parlamentar t\u00eb PD, Gazment Bardhi ka reaguar n\u00eb lidhje me ndryshimet e nj\u00ebanshme t\u00eb lajm\u00ebruara nga mazhoranca socialiste p\u00ebr Rregulloren e Kuvendit. Bardhi shkruan se Rregullorja e Kuvendit nuk \u00ebsht\u00eb Statuti i PS, q\u00eb ndryshohet \u00e7do muaj sipas vullnetit t\u00eb vet\u00ebm nj\u00eb partie politike. Reagimi Rregullorja e Kuvendit nuk \u00ebsht\u00eb Statuti i &hellip;<\/p>\n","protected":false},"author":4,"featured_media":126077,"comment_status":"closed","ping_status":"closed","sticky":false,"template":"","format":"standard","meta":{"footnotes":""},"categories":[37],"tags":[],"class_list":["post-137380","post","type-post","status-publish","format-standard","has-post-thumbnail","","category-politike"],"_links":{"self":[{"href":"https:\/\/rdnews.al\/index.php\/wp-json\/wp\/v2\/posts\/137380","targetHints":{"allow":["GET"]}}],"collection":[{"href":"https:\/\/rdnews.al\/index.php\/wp-json\/wp\/v2\/posts"}],"about":[{"href":"https:\/\/rdnews.al\/index.php\/wp-json\/wp\/v2\/types\/post"}],"author":[{"embeddable":true,"href":"https:\/\/rdnews.al\/index.php\/wp-json\/wp\/v2\/users\/4"}],"replies":[{"embeddable":true,"href":"https:\/\/rdnews.al\/index.php\/wp-json\/wp\/v2\/comments?post=137380"}],"version-history":[{"count":1,"href":"https:\/\/rdnews.al\/index.php\/wp-json\/wp\/v2\/posts\/137380\/revisions"}],"predecessor-version":[{"id":137381,"href":"https:\/\/rdnews.al\/index.php\/wp-json\/wp\/v2\/posts\/137380\/revisions\/137381"}],"wp:featuredmedia":[{"embeddable":true,"href":"https:\/\/rdnews.al\/index.php\/wp-json\/wp\/v2\/media\/126077"}],"wp:attachment":[{"href":"https:\/\/rdnews.al\/index.php\/wp-json\/wp\/v2\/media?parent=137380"}],"wp:term":[{"taxonomy":"category","embeddable":true,"href":"https:\/\/rdnews.al\/index.php\/wp-json\/wp\/v2\/categories?post=137380"},{"taxonomy":"post_tag","embeddable":true,"href":"https:\/\/rdnews.al\/index.php\/wp-json\/wp\/v2\/tags?post=137380"}],"curies":[{"name":"wp","href":"https:\/\/api.w.org\/{rel}","templated":true}]}}