{"id":137437,"date":"2026-03-05T09:49:11","date_gmt":"2026-03-05T09:49:11","guid":{"rendered":"https:\/\/rdnews.al\/?p=137437"},"modified":"2026-03-05T09:52:44","modified_gmt":"2026-03-05T09:52:44","slug":"shehu-parlamenti-nuk-thote-asnje-fjale-per-3000-shqiptaret-jashte-vendit","status":"publish","type":"post","link":"https:\/\/rdnews.al\/index.php\/2026\/03\/05\/shehu-parlamenti-nuk-thote-asnje-fjale-per-3000-shqiptaret-jashte-vendit\/","title":{"rendered":"Shehu: Parlamenti asnj\u00eb fjal\u00eb p\u00ebr evakuimin e 3000 shqiptar\u00ebve nga jasht\u00eb vendit!"},"content":{"rendered":"<p>Tritan Shehu, deputet i PD gjat\u00eb fjal\u00ebs s\u00eb tij n\u00eb Kuvend tha se, Shqip\u00ebria po mban nj\u00eb q\u00ebndrim heshtjeje t\u00eb plot\u00eb dhe diskriminues ndaj qytetar\u00ebve t\u00eb saj, duke i l\u00ebn\u00eb ata n\u00eb harres\u00eb p\u00ebrball\u00eb problemeve t\u00eb m\u00ebdha me t\u00eb cilat po p\u00ebrballen.<\/p>\n<p>Ai theksoi se Parlamenti shqiptar ende nuk ka dal\u00eb me nj\u00eb deklarat\u00eb zyrtare dhe t\u00eb qart\u00eb ku t\u00eb shpreh\u00eb mb\u00ebshtetjen p\u00ebr SHBA-n\u00eb n\u00eb p\u00ebrpjekjet e saj p\u00ebr t\u00eb parandaluar \u201cterrorizmin iranian, armatosjen me arm\u00eb b\u00ebrthamore t\u00eb Iranit dhe sulmet ndaj vendeve t\u00eb rajonit\u201d.<\/p>\n<p>&#8220;Shqip\u00ebria ka heshtje t\u00eb plot\u00eb. Ka realisht nj\u00eb situat\u00eb diskriminuese ndaj shqiptar\u00ebve, nj\u00eb braktisje t\u00eb shqiptar\u00ebve n\u00eb ato vende t\u00eb v\u00ebshtira, n\u00eb ato m\u00ebnyra, n\u00eb ato jet\u00eb t\u00eb v\u00ebshtir\u00eb q\u00eb po b\u00ebjn\u00eb dhe n\u00eb ato probleme t\u00eb m\u00ebdha q\u00eb po ndodhin atje.<\/p>\n<p>Ashtu si akoma, ky parlament nuk ka dal\u00eb me nj\u00eb, me nj\u00eb deklarat\u00eb t\u00eb tij t\u00eb qart\u00eb, zyrtare, q\u00eb \u00ebsht\u00eb n\u00eb krah t\u00eb Shteteve t\u00eb Bashkuara t\u00eb Amerik\u00ebs n\u00eb k\u00ebto p\u00ebrpjekje p\u00ebr t\u00eb prevenuar terrorizmin iranian, armatosjen me arm\u00eb b\u00ebrthamore t\u00eb Iranit dhe sulmet q\u00eb po b\u00ebhen ndaj vendeve t\u00eb tjera t\u00eb rajonit.<\/p>\n<p>Kjo \u00ebsht\u00eb detyr\u00eb e k\u00ebtij parlamenti t\u00eb dali zyrtarisht p\u00ebr k\u00ebt\u00eb gj\u00eb, si\u00e7 kan\u00eb dal\u00eb parlamentet e tjera.<\/p>\n<p>Nuk mund t\u00eb heshtim, nuk mund t\u00eb rrim\u00eb pa pa th\u00ebn\u00eb qart\u00ebsisht gj\u00ebrat duke v\u00ebn\u00eb pikat mbi i, n\u00eb pozicionin e parlamentit shqiptar n\u00eb k\u00ebto momente q\u00eb po kalon Lindja e Mesme, n\u00eb k\u00ebto momente t\u00eb p\u00ebrfshirjes s\u00eb Shteteve t\u00eb Bashkuara t\u00eb Amerik\u00ebs p\u00ebr t\u00eb ruajtur paqen, stabilitetin dhe luftuar terrorizmin, jo vet\u00ebm n\u00eb at\u00eb zon\u00eb, por shum\u00eb m\u00eb gjer\u00eb.<\/p>\n<p>Pra, n\u00eb k\u00ebto dy element\u00eb duhet t\u00eb dalim.<\/p>\n<p>E para, duhet raportuar k\u00ebtu qart\u00ebsisht \u00e7&#8217;po b\u00ebhet me 3000 shqiptar\u00ebt? \u00c7far\u00eb masa jan\u00eb marr\u00eb? \u00c7far\u00eb problemi i evakuimit? \u00c7far\u00eb po merret p\u00ebr evakuimin e tyre? Pse s&#8217;\u00ebsht\u00eb krijuar uniteti i kriz\u00ebs si nj\u00eb organiz\u00ebm nd\u00ebrinstitucional n\u00eb Shqip\u00ebri? Pse nuk raportohet p\u00ebrdit\u00eb p\u00ebr k\u00ebt\u00eb gj\u00eb?<\/p>\n<p>Po fshihen deklaratat zyrtare t\u00eb Ministris\u00eb s\u00eb Jashtme mbas atyre q\u00eb po, mbas atyre element\u00ebve q\u00eb po b\u00ebjn\u00eb qeverit\u00eb e atyshme p\u00ebr refugjat\u00ebt e tjer\u00eb si\u00e7 jan\u00eb atje apo p\u00ebr t\u00eb huajt q\u00eb jan\u00eb atje. Ajo \u00ebsht\u00eb tjet\u00ebr gj\u00eb.<\/p>\n<p>N\u00eb qoft\u00eb se i japin m\u00ebngjesin falas ato qeveri apo i v\u00ebn\u00eb t\u00eb t\u00eb t\u00eb t\u00eb akomodohen diku. R\u00ebnd\u00ebsi ka \u00e7&#8217;po b\u00ebn qeveria shqiptare dhe s&#8217;po b\u00ebn asgj\u00eb.<\/p>\n<p>N\u00eb m\u00ebnyr\u00eb absolute i ka braktisur shqiptar\u00ebt, ka braktisur qytetar\u00ebt shqiptar\u00eb n\u00eb v\u00ebshtir\u00ebsit\u00eb e m\u00ebdhaja q\u00eb ata jan\u00eb. Prandaj urgjentisht k\u00ebrkoj k\u00ebtu t\u00eb ndaloj\u00eb parlamenti, t\u00eb raportohet p\u00ebr k\u00ebt\u00eb element, t\u00eb diskutohet&#8221;, u shpreh Shehu.<\/p>\n","protected":false},"excerpt":{"rendered":"<p>Tritan Shehu, deputet i PD gjat\u00eb fjal\u00ebs s\u00eb tij n\u00eb Kuvend tha se, Shqip\u00ebria po mban nj\u00eb q\u00ebndrim heshtjeje t\u00eb plot\u00eb dhe diskriminues ndaj qytetar\u00ebve t\u00eb saj, duke i l\u00ebn\u00eb ata n\u00eb harres\u00eb p\u00ebrball\u00eb problemeve t\u00eb m\u00ebdha me t\u00eb cilat po p\u00ebrballen. Ai theksoi se Parlamenti shqiptar ende nuk ka dal\u00eb me nj\u00eb deklarat\u00eb zyrtare &hellip;<\/p>\n","protected":false},"author":4,"featured_media":95247,"comment_status":"closed","ping_status":"closed","sticky":false,"template":"","format":"standard","meta":{"footnotes":""},"categories":[37],"tags":[],"class_list":["post-137437","post","type-post","status-publish","format-standard","has-post-thumbnail","","category-politike"],"_links":{"self":[{"href":"https:\/\/rdnews.al\/index.php\/wp-json\/wp\/v2\/posts\/137437","targetHints":{"allow":["GET"]}}],"collection":[{"href":"https:\/\/rdnews.al\/index.php\/wp-json\/wp\/v2\/posts"}],"about":[{"href":"https:\/\/rdnews.al\/index.php\/wp-json\/wp\/v2\/types\/post"}],"author":[{"embeddable":true,"href":"https:\/\/rdnews.al\/index.php\/wp-json\/wp\/v2\/users\/4"}],"replies":[{"embeddable":true,"href":"https:\/\/rdnews.al\/index.php\/wp-json\/wp\/v2\/comments?post=137437"}],"version-history":[{"count":2,"href":"https:\/\/rdnews.al\/index.php\/wp-json\/wp\/v2\/posts\/137437\/revisions"}],"predecessor-version":[{"id":137439,"href":"https:\/\/rdnews.al\/index.php\/wp-json\/wp\/v2\/posts\/137437\/revisions\/137439"}],"wp:featuredmedia":[{"embeddable":true,"href":"https:\/\/rdnews.al\/index.php\/wp-json\/wp\/v2\/media\/95247"}],"wp:attachment":[{"href":"https:\/\/rdnews.al\/index.php\/wp-json\/wp\/v2\/media?parent=137437"}],"wp:term":[{"taxonomy":"category","embeddable":true,"href":"https:\/\/rdnews.al\/index.php\/wp-json\/wp\/v2\/categories?post=137437"},{"taxonomy":"post_tag","embeddable":true,"href":"https:\/\/rdnews.al\/index.php\/wp-json\/wp\/v2\/tags?post=137437"}],"curies":[{"name":"wp","href":"https:\/\/api.w.org\/{rel}","templated":true}]}}