{"id":137440,"date":"2026-03-05T09:56:24","date_gmt":"2026-03-05T09:56:24","guid":{"rendered":"https:\/\/rdnews.al\/?p=137440"},"modified":"2026-03-05T09:56:24","modified_gmt":"2026-03-05T09:56:24","slug":"berisha-i-pergjigjet-spiropalit-je-viktima-me-e-parendesishme-dhe-me-e-merituara-e-lubise-nuk-e-ke-nga-une-e-ke-nga-vetja-jote","status":"publish","type":"post","link":"https:\/\/rdnews.al\/index.php\/2026\/03\/05\/berisha-i-pergjigjet-spiropalit-je-viktima-me-e-parendesishme-dhe-me-e-merituara-e-lubise-nuk-e-ke-nga-une-e-ke-nga-vetja-jote\/","title":{"rendered":"Berisha i p\u00ebrgjigjet Spiropalit: Je viktima m\u00eb e par\u00ebnd\u00ebsishme dhe m\u00eb e merituara e Lubis\u00eb! Nuk e ke nga un\u00eb, e ke nga vetja jote!"},"content":{"rendered":"<p>Kryetari i PD, Sali Berisha gjat\u00eb nj\u00eb replike me deputeten e PS-s\u00eb, Elisa Spiropali n\u00eb sall\u00ebn e parlamentit, deklaroi se, shkarkimi i saj erdhi nga hakmarrja e Lubi Ballukut.<\/p>\n<p>\u2018N\u00eb nj\u00eb koh\u00eb kur syt\u00eb e shqiptar\u00ebve drejtoheshin drejt asaj sikur t\u00eb ishte korba e zez\u00eb, n\u00eb fakt aty af\u00ebr ishte, ti na vije si nuse k\u00ebtu, e veshur me t\u00eb bardha, me t\u00eb gjitha aksesor\u00ebt.<\/p>\n<p>Pse \u00e7far\u00eb kujton ti se bar hante Lubia? Ndaj dhe nuk e ke nga Sali Berisha, jo, e ke nga vetja jote\u2019, u shpreh kryedemokrati Sali Berisha.<\/p>\n<p><strong>Replika e kryetarit t\u00eb PD, Sali Berisha<\/strong><\/p>\n<p>Je viktima m\u00eb e par\u00ebnd\u00ebsishme e Lubis\u00eb dhe m\u00eb e merituara.<\/p>\n<p>N\u00eb nj\u00eb koh\u00eb kur syt\u00eb e shqiptar\u00ebve drejtoheshin drejt asaj sikur t\u00eb ishte korba e zez\u00eb, n\u00eb fakt aty af\u00ebr ishte, ti na vije si nuse k\u00ebtu, e veshur me t\u00eb bardha, me t\u00eb gjitha aksesor\u00ebt.<\/p>\n<p>Pse \u00e7far\u00eb kujton ti se bar hante Lubia?<\/p>\n<p>Ndaj dhe nuk e ke nga Sali Berisha, jo, e ke nga vetja jote, se jo q\u00eb nuk e mbroje, p\u00ebrkundrazi g\u00ebzoheshe se tani do b\u00ebheshe ti z\u00ebvend\u00ebskryeministre, nuk ta priste mendja se ishte kjo tjetra, kloni i Lubis\u00eb.<\/p>\n<p>Ja ku e ke klonin!<\/p>\n<p>Ti ke probleme t\u00eb m\u00ebdha n\u00eb shkenca.<\/p>\n<p>Kjo \u00ebsht\u00eb kloni.<\/p>\n<p>Ndaj dhe nuk e ke nga Sali Berisha at\u00eb, se p\u00ebr Sali Berish\u00ebn, Edi Rama t\u00eb lart\u00ebsonte nj\u00eblloj si\u00e7 lart\u00ebsoi k\u00ebt\u00eb klonin e Lubis\u00eb, por e ke nga vetja jote se more p\u00ebrpjet\u00eb ti.<\/p>\n<p>Iku Lubia, the tani, ja shiheni, un\u00eb do jem Lubia juaj tani, u thoshte kjo.<\/p>\n<p>Dhe k\u00ebta t\u00eb dhan\u00eb at\u00eb q\u00eb meritove.<\/p>\n","protected":false},"excerpt":{"rendered":"<p>Kryetari i PD, Sali Berisha gjat\u00eb nj\u00eb replike me deputeten e PS-s\u00eb, Elisa Spiropali n\u00eb sall\u00ebn e parlamentit, deklaroi se, shkarkimi i saj erdhi nga hakmarrja e Lubi Ballukut. \u2018N\u00eb nj\u00eb koh\u00eb kur syt\u00eb e shqiptar\u00ebve drejtoheshin drejt asaj sikur t\u00eb ishte korba e zez\u00eb, n\u00eb fakt aty af\u00ebr ishte, ti na vije si nuse &hellip;<\/p>\n","protected":false},"author":4,"featured_media":137441,"comment_status":"closed","ping_status":"closed","sticky":false,"template":"","format":"standard","meta":{"footnotes":""},"categories":[37],"tags":[],"class_list":["post-137440","post","type-post","status-publish","format-standard","has-post-thumbnail","","category-politike"],"_links":{"self":[{"href":"https:\/\/rdnews.al\/index.php\/wp-json\/wp\/v2\/posts\/137440","targetHints":{"allow":["GET"]}}],"collection":[{"href":"https:\/\/rdnews.al\/index.php\/wp-json\/wp\/v2\/posts"}],"about":[{"href":"https:\/\/rdnews.al\/index.php\/wp-json\/wp\/v2\/types\/post"}],"author":[{"embeddable":true,"href":"https:\/\/rdnews.al\/index.php\/wp-json\/wp\/v2\/users\/4"}],"replies":[{"embeddable":true,"href":"https:\/\/rdnews.al\/index.php\/wp-json\/wp\/v2\/comments?post=137440"}],"version-history":[{"count":1,"href":"https:\/\/rdnews.al\/index.php\/wp-json\/wp\/v2\/posts\/137440\/revisions"}],"predecessor-version":[{"id":137442,"href":"https:\/\/rdnews.al\/index.php\/wp-json\/wp\/v2\/posts\/137440\/revisions\/137442"}],"wp:featuredmedia":[{"embeddable":true,"href":"https:\/\/rdnews.al\/index.php\/wp-json\/wp\/v2\/media\/137441"}],"wp:attachment":[{"href":"https:\/\/rdnews.al\/index.php\/wp-json\/wp\/v2\/media?parent=137440"}],"wp:term":[{"taxonomy":"category","embeddable":true,"href":"https:\/\/rdnews.al\/index.php\/wp-json\/wp\/v2\/categories?post=137440"},{"taxonomy":"post_tag","embeddable":true,"href":"https:\/\/rdnews.al\/index.php\/wp-json\/wp\/v2\/tags?post=137440"}],"curies":[{"name":"wp","href":"https:\/\/api.w.org\/{rel}","templated":true}]}}