{"id":137443,"date":"2026-03-05T10:01:02","date_gmt":"2026-03-05T10:01:02","guid":{"rendered":"https:\/\/rdnews.al\/?p=137443"},"modified":"2026-03-05T10:14:47","modified_gmt":"2026-03-05T10:14:47","slug":"tensione-ne-kuvend-peleshi-i-mohon-te-drejten-e-fjales-kreut-te-opozites","status":"publish","type":"post","link":"https:\/\/rdnews.al\/index.php\/2026\/03\/05\/tensione-ne-kuvend-peleshi-i-mohon-te-drejten-e-fjales-kreut-te-opozites\/","title":{"rendered":"Peleshi i nd\u00ebrpret fjal\u00ebn kreut t\u00eb opozit\u00ebs! Tension n\u00eb Kuvend"},"content":{"rendered":"<p>Nj\u00eb tjet\u00ebr skandal u regjistrua n\u00eb Kuvend, kur kreu i parlamentit, Niko Peleshi i mohoi t\u00eb drejt\u00ebn e fjal\u00ebs kreut t\u00eb opozit\u00ebs, Sali Berisha.<\/p>\n<p>Ky i fundit u p\u00ebrgjigj ndaj Elisa Spiropalit p\u00ebr replik\u00eb, pasi ajo ia p\u00ebrmendi emrin kur tha se nuk e priste q\u00eb ta m\u00ebsonte shkarkimin prej tij.<\/p>\n<p>Nd\u00ebrkoh\u00eb, Berisha kishte edhe t\u00eb drejt\u00ebn e fjal\u00ebs p\u00ebr procedur\u00eb.<\/p>\n<p>Por Peleshi, n\u00eb m\u00ebnyr\u00eb skandaloze e quajti replik\u00ebn e Berish\u00ebs si nj\u00eb procedur\u00eb.<\/p>\n<p>Nj\u00eb gj\u00eb e till\u00eb shkaktoi tensione n\u00eb seanc\u00eb, pasi opozita k\u00ebrkoi t\u00eb drejt\u00ebn e fjal\u00ebs.<\/p>\n<p>Pavar\u00ebsisht shkeljes s\u00eb r\u00ebnd\u00eb, Peleshi vazhdoi rendin e dit\u00ebs.<\/p>\n","protected":false},"excerpt":{"rendered":"<p>Nj\u00eb tjet\u00ebr skandal u regjistrua n\u00eb Kuvend, kur kreu i parlamentit, Niko Peleshi i mohoi t\u00eb drejt\u00ebn e fjal\u00ebs kreut t\u00eb opozit\u00ebs, Sali Berisha. Ky i fundit u p\u00ebrgjigj ndaj Elisa Spiropalit p\u00ebr replik\u00eb, pasi ajo ia p\u00ebrmendi emrin kur tha se nuk e priste q\u00eb ta m\u00ebsonte shkarkimin prej tij. Nd\u00ebrkoh\u00eb, Berisha kishte edhe &hellip;<\/p>\n","protected":false},"author":4,"featured_media":137450,"comment_status":"closed","ping_status":"closed","sticky":false,"template":"","format":"standard","meta":{"footnotes":""},"categories":[37],"tags":[],"class_list":["post-137443","post","type-post","status-publish","format-standard","has-post-thumbnail","","category-politike"],"_links":{"self":[{"href":"https:\/\/rdnews.al\/index.php\/wp-json\/wp\/v2\/posts\/137443","targetHints":{"allow":["GET"]}}],"collection":[{"href":"https:\/\/rdnews.al\/index.php\/wp-json\/wp\/v2\/posts"}],"about":[{"href":"https:\/\/rdnews.al\/index.php\/wp-json\/wp\/v2\/types\/post"}],"author":[{"embeddable":true,"href":"https:\/\/rdnews.al\/index.php\/wp-json\/wp\/v2\/users\/4"}],"replies":[{"embeddable":true,"href":"https:\/\/rdnews.al\/index.php\/wp-json\/wp\/v2\/comments?post=137443"}],"version-history":[{"count":2,"href":"https:\/\/rdnews.al\/index.php\/wp-json\/wp\/v2\/posts\/137443\/revisions"}],"predecessor-version":[{"id":137451,"href":"https:\/\/rdnews.al\/index.php\/wp-json\/wp\/v2\/posts\/137443\/revisions\/137451"}],"wp:featuredmedia":[{"embeddable":true,"href":"https:\/\/rdnews.al\/index.php\/wp-json\/wp\/v2\/media\/137450"}],"wp:attachment":[{"href":"https:\/\/rdnews.al\/index.php\/wp-json\/wp\/v2\/media?parent=137443"}],"wp:term":[{"taxonomy":"category","embeddable":true,"href":"https:\/\/rdnews.al\/index.php\/wp-json\/wp\/v2\/categories?post=137443"},{"taxonomy":"post_tag","embeddable":true,"href":"https:\/\/rdnews.al\/index.php\/wp-json\/wp\/v2\/tags?post=137443"}],"curies":[{"name":"wp","href":"https:\/\/api.w.org\/{rel}","templated":true}]}}