{"id":137452,"date":"2026-03-05T10:20:27","date_gmt":"2026-03-05T10:20:27","guid":{"rendered":"https:\/\/rdnews.al\/?p=137452"},"modified":"2026-03-05T10:20:27","modified_gmt":"2026-03-05T10:20:27","slug":"kellici-kuvendi-eshte-shnderruar-ne-nje-mburoje-i-korrupsionit","status":"publish","type":"post","link":"https:\/\/rdnews.al\/index.php\/2026\/03\/05\/kellici-kuvendi-eshte-shnderruar-ne-nje-mburoje-i-korrupsionit\/","title":{"rendered":"K\u00eblli\u00e7i: Kuvendi \u00ebsht\u00eb shnd\u00ebrruar n\u00eb nj\u00eb mburoj\u00eb i korrupsionit!"},"content":{"rendered":"<p>Pas nj\u00eb mungese tre mujore p\u00ebr shkak t\u00eb p\u00ebrjashtimit, deputeti i opozit\u00ebs, Belind K\u00eblli\u00e7i, ka mbajtur nj\u00eb fjalim t\u00eb ashp\u00ebr n\u00eb seanc\u00ebn parlamentare, duke akuzuar drejtuesin e seanc\u00ebs dhe mazhoranc\u00ebn p\u00ebr sjellje &#8220;absurde&#8221; dhe &#8220;t\u00eb turpshme&#8221;.<\/p>\n<p>N\u00eb fjal\u00ebn e tij, deputeti akuzoi drejtuesin e seanc\u00ebs p\u00ebr radikalizim. Ai e lidhi k\u00ebt\u00eb sjellje me nism\u00ebn e Partis\u00eb Socialiste p\u00ebr t\u00eb ndryshuar rregulloren e Kuvendit dhe p\u00ebr t\u00eb p\u00ebrgjysmuar koh\u00ebn e fjal\u00ebs s\u00eb deputet\u00ebve.<\/p>\n<p><strong>Belind K\u00eblli\u00e7i:<\/strong> Duke qen\u00eb se rikthehem pas tre muajsh, mendova se kishe reflektuar edhe i kishe marr\u00eb parasysh t\u00eb gjitha shqet\u00ebsimet e partner\u00ebve, edhe takimet q\u00eb ke b\u00ebr\u00eb, se je nga t\u00eb pakt\u00ebt politikan\u00eb q\u00eb je pritur edhe n\u00eb Amerik\u00eb. Por me sa duket, largimi i ministres s\u00eb Jashtme, si pjes\u00eb e klubit t\u00eb anglishtfol\u00ebsve n\u00eb PS, t\u00eb ka detyruar t\u00eb radikalizohesh nga ndonj\u00eb merak i brendsh\u00ebm q\u00eb mund t\u00eb kesh.<\/p>\n<p>E nise me zotin Balliu, tre muaj edhe ai i p\u00ebrjashtuar, i hoqe fjal\u00ebn. E tentove, me zonj\u00ebn Zhupa, e vazhdove me kreun e grupit parlamentar t\u00eb PD-s\u00eb. Nuk e kuptoj k\u00ebt\u00eb qasje t\u00ebnden. \u00cbsht\u00eb absurde. Kjo shkon paralel edhe me nism\u00ebn e Partis\u00eb Socialiste p\u00ebr t\u00eb ndryshuar s\u00ebrish n\u00eb m\u00ebnyr\u00eb t\u00eb nj\u00ebanshme rregulloren dhe p\u00ebr t\u00eb p\u00ebrgjysmuar minutat e deputet\u00ebve, nga 10 n\u00eb 5.<\/p>\n<p>Niko, shk\u00ebputu nga, qasja q\u00eb ka marr\u00eb ky Kuvend p\u00ebr t&#8217;u b\u00ebr\u00eb mburoj\u00eb, ta them sinqerisht, p\u00ebr t&#8217;u b\u00ebr\u00eb mburoj\u00eb e korrupsionit. Un\u00eb jam p\u00ebrjashtuar me vendimmarrjen tuaj dhe t\u00eb Komisionit t\u00eb Etik\u00ebs drejtuar nga Ulsi Manja, sepse kam k\u00ebrkuar pik\u00ebrisht t\u00eb zbatohet k\u00ebrkesa e Prokuroris\u00eb s\u00eb Posa\u00e7me p\u00ebr mas\u00ebn e siguris\u00eb p\u00ebr z\u00ebvend\u00ebskryeministren dhe t\u00eb vinte n\u00eb rend diten, se \u00ebsht\u00eb \u00e7\u00ebshtje prioritare. K\u00ebt\u00eb e k\u00ebrkon Brukseli, k\u00ebt\u00eb e k\u00ebrkojn\u00eb shqiptar\u00ebt, k\u00ebt\u00eb e k\u00ebrkon integrimi evropian i vendit. Por \u00ebsht\u00eb absurde q\u00eb pas tre muajsh t\u00eb vish n\u00eb parlament dhe situata t\u00eb jet\u00eb m\u00eb e agravuar. \u00cbsht\u00eb absurde q\u00eb t&#8217;i privosh deputet\u00ebt e opozit\u00ebs nga e drejta edhe p\u00ebr replik\u00eb, edhe p\u00ebr fjal\u00eb, dhe t&#8217;u nd\u00ebrhysh n\u00eb fjal\u00eb madje&#8230;<\/p>\n<p>\u00cbsht\u00eb e turpshme, kjo m\u00ebnyr\u00eb drejtimi e seanc\u00ebs. Kur nuk keni asnj\u00eb fyerje, asnj\u00eb etiketim, as nga deputet\u00ebt e opozit\u00ebs, dhe p\u00ebr m\u00eb tep\u00ebr, \u00e7ohet kreu i grupit parlamentar t\u00eb PS-s\u00eb, fyen kryetarin e grupit parlamentar t\u00eb PD-s\u00eb, fyen deputet\u00ebt e opozit\u00ebs, i flet edhe n\u00eb em\u00ebr t\u00eb besimit, dhe nd\u00ebrkoh\u00eb i t\u00ebrhiqet v\u00ebmendja kreut t\u00eb grupit parlamentar t\u00eb PD-s\u00eb. Kjo \u00ebsht\u00eb, kjo \u00ebsht\u00eb e paimagjinueshme, sinqerisht.<\/p>\n<p>Lini edhe provokimet, lini edhe k\u00ebto tentativa p\u00ebr t\u00eb ndezur konflikt brenda opozit\u00ebs. Ju garantoj q\u00eb \u00ebsht\u00eb mir\u00eb p\u00ebr ju t\u00eb q\u00ebndroni n\u00eb lart\u00ebsin\u00eb e detyr\u00ebs tuaj.<\/p>\n","protected":false},"excerpt":{"rendered":"<p>Pas nj\u00eb mungese tre mujore p\u00ebr shkak t\u00eb p\u00ebrjashtimit, deputeti i opozit\u00ebs, Belind K\u00eblli\u00e7i, ka mbajtur nj\u00eb fjalim t\u00eb ashp\u00ebr n\u00eb seanc\u00ebn parlamentare, duke akuzuar drejtuesin e seanc\u00ebs dhe mazhoranc\u00ebn p\u00ebr sjellje &#8220;absurde&#8221; dhe &#8220;t\u00eb turpshme&#8221;. N\u00eb fjal\u00ebn e tij, deputeti akuzoi drejtuesin e seanc\u00ebs p\u00ebr radikalizim. Ai e lidhi k\u00ebt\u00eb sjellje me nism\u00ebn e &hellip;<\/p>\n","protected":false},"author":4,"featured_media":136026,"comment_status":"closed","ping_status":"closed","sticky":false,"template":"","format":"standard","meta":{"footnotes":""},"categories":[37],"tags":[],"class_list":["post-137452","post","type-post","status-publish","format-standard","has-post-thumbnail","","category-politike"],"_links":{"self":[{"href":"https:\/\/rdnews.al\/index.php\/wp-json\/wp\/v2\/posts\/137452","targetHints":{"allow":["GET"]}}],"collection":[{"href":"https:\/\/rdnews.al\/index.php\/wp-json\/wp\/v2\/posts"}],"about":[{"href":"https:\/\/rdnews.al\/index.php\/wp-json\/wp\/v2\/types\/post"}],"author":[{"embeddable":true,"href":"https:\/\/rdnews.al\/index.php\/wp-json\/wp\/v2\/users\/4"}],"replies":[{"embeddable":true,"href":"https:\/\/rdnews.al\/index.php\/wp-json\/wp\/v2\/comments?post=137452"}],"version-history":[{"count":1,"href":"https:\/\/rdnews.al\/index.php\/wp-json\/wp\/v2\/posts\/137452\/revisions"}],"predecessor-version":[{"id":137453,"href":"https:\/\/rdnews.al\/index.php\/wp-json\/wp\/v2\/posts\/137452\/revisions\/137453"}],"wp:featuredmedia":[{"embeddable":true,"href":"https:\/\/rdnews.al\/index.php\/wp-json\/wp\/v2\/media\/136026"}],"wp:attachment":[{"href":"https:\/\/rdnews.al\/index.php\/wp-json\/wp\/v2\/media?parent=137452"}],"wp:term":[{"taxonomy":"category","embeddable":true,"href":"https:\/\/rdnews.al\/index.php\/wp-json\/wp\/v2\/categories?post=137452"},{"taxonomy":"post_tag","embeddable":true,"href":"https:\/\/rdnews.al\/index.php\/wp-json\/wp\/v2\/tags?post=137452"}],"curies":[{"name":"wp","href":"https:\/\/api.w.org\/{rel}","templated":true}]}}