{"id":137468,"date":"2026-03-05T11:08:26","date_gmt":"2026-03-05T11:08:26","guid":{"rendered":"https:\/\/rdnews.al\/?p=137468"},"modified":"2026-03-05T11:08:26","modified_gmt":"2026-03-05T11:08:26","slug":"berisha-nuk-duhet-mbyllur-kjo-seance-pa-votuar-per-lubine-skandali-i-akshi-t-po-hetohet-edhe-nga-palet-e-interesuara","status":"publish","type":"post","link":"https:\/\/rdnews.al\/index.php\/2026\/03\/05\/berisha-nuk-duhet-mbyllur-kjo-seance-pa-votuar-per-lubine-skandali-i-akshi-t-po-hetohet-edhe-nga-palet-e-interesuara\/","title":{"rendered":"Berisha: Nuk duhet mbyllur kjo seanc\u00eb pa votuar p\u00ebr Lubin\u00eb! Skandali i AKSHI-t po hetohet edhe nga pal\u00ebt e interesuara"},"content":{"rendered":"<p>Kryetari i Partis\u00eb Demokratike, Sali Berisha tha se seanca aktuale nuk duhet t\u00eb mbyllet pa u votuar p\u00ebr \u00e7\u00ebshtjen e Ballukut, duke akuzuar qeverin\u00eb p\u00ebr mbrojtje t\u00eb krimeve t\u00eb lidhura me Kushtetut\u00ebn dhe p\u00ebr p\u00ebrfshirje t\u00eb drejtp\u00ebrdrejt\u00eb t\u00eb kryeministrit Edi Rama.<br \/>\nBerisha e cil\u00ebsoi skandalin e AKSHI-t si nj\u00eb krim monstruoz q\u00eb po hetohet jo vet\u00ebm brenda vendit, por edhe nga pal\u00ebt nd\u00ebrkomb\u00ebtare t\u00eb interesuara, dhe u shpreh se mbrojtja e Lubin\u00ebs \u00ebsht\u00eb n\u00eb fakt mbrojtje e \u201cvjedhjeve t\u00eb pap\u00ebrmbajtura\u201d t\u00eb kryeministrit.<\/p>\n<p><strong>Berisha:<\/strong> Midis t\u00eb gjitha krimeve, n\u00eb hierarkin\u00eb e tyre, krimet ndaj Kushtetut\u00ebs jan\u00eb krime t\u00eb tradhtis\u00eb s\u00eb lart\u00eb t\u00eb vendit.<br \/>\nKjo q\u00eb b\u00ebni ju \u00ebsht\u00eb nj\u00eb krim n\u00eb vazhdim duke mbrojtur nj\u00eb delinkuente, nj\u00eb kriminele t\u00eb trefisht\u00eb.<br \/>\nDhe nuk e mbroni at\u00eb ju, se po t\u00eb qe puna sa p\u00ebr Lubin\u00eb, ju e flaknit n\u00eb Lan\u00eb at\u00eb.<br \/>\nJa atje e flaknit!<br \/>\nPo ju nuk ua mban sepse e dini se Lubia nuk \u00ebsht\u00eb asgj\u00eb tjet\u00ebr ve\u00e7se nj\u00eb sh\u00ebrb\u00ebtore e Edi Ram\u00ebs 25 vite, e cila ka zbatuar vet\u00ebm urdhrat e tij dhe ka p\u00ebrfituar, ka vjedhur n\u00ebp\u00ebrmjet tij, por sa ka vjedhur Rama njeri n\u00eb Shqip\u00ebri.<br \/>\nFaktikisht ju po mbroni vjedhjet e pap\u00ebrmbajtura, t\u00eb pakufishme t\u00eb Edi Ram\u00ebs.<br \/>\nN\u00eb \u00e7do vendim t\u00eb saj \u00ebsht\u00eb firma e Edi Ram\u00ebs, \u00ebsht\u00eb porosia e Edi Ram\u00ebs, jan\u00eb mesazhet e Edi Ram\u00ebs.<br \/>\nMos u keqp\u00ebrdorni n\u00eb k\u00ebt\u00eb m\u00ebnyr\u00eb kaq ekstreme sepse n\u00eb fund t\u00eb fundit ju do e shihni veten ashtu si\u00e7 jeni, e keqja banale, njer\u00ebz pa vler\u00eb.<br \/>\nPra, un\u00eb nuk merrem k\u00ebtu me avoket\u00ebrit mjeran\u00eb, por merrem me Edi Ram\u00ebn.<br \/>\nU garantoj se e keni t\u00eb humbur k\u00ebt\u00eb betej\u00eb.<br \/>\nE keni t\u00eb humbur keq, d\u00ebgjojeni fjal\u00ebn time.<br \/>\nLubin\u00eb nuk ka forc\u00eb n\u00eb bot\u00eb q\u00eb ta mbroj\u00eb.<br \/>\nDosja e saj \u00ebsht\u00eb dosja e Edi Ram\u00ebs.<br \/>\nMirlinda dhe Lindat e AKSHI-t jan\u00eb krim monstruoz dhe nuk po hetohen vet\u00ebm n\u00eb Shqip\u00ebri, ua them un\u00eb k\u00ebtu.<br \/>\nPo hetohen nga t\u00eb gjitha pal\u00ebt e interesuara.<br \/>\nPo ju \u00e7\u2019po tregoni?<br \/>\nPo zhvisheni lakuriq para shqiptar\u00ebve dhe bot\u00ebs si skllev\u00ebr t\u00eb Edi Ram\u00ebs.<br \/>\nNdaj dhe silleni k\u00ebtu sot t\u2019i heqim imunitetin, t\u2019i japim autorizim prokuroris\u00eb s\u00eb veproj\u00eb sipas ligjit dhe Kushtetut\u00ebs.<br \/>\nKy \u00ebsht\u00eb i vetmi veprim.<br \/>\nNuk duhet kjo seanc\u00eb t\u00eb mbyllet pa u paraqitur k\u00ebtu raportet.<\/p>\n","protected":false},"excerpt":{"rendered":"<p>Kryetari i Partis\u00eb Demokratike, Sali Berisha tha se seanca aktuale nuk duhet t\u00eb mbyllet pa u votuar p\u00ebr \u00e7\u00ebshtjen e Ballukut, duke akuzuar qeverin\u00eb p\u00ebr mbrojtje t\u00eb krimeve t\u00eb lidhura me Kushtetut\u00ebn dhe p\u00ebr p\u00ebrfshirje t\u00eb drejtp\u00ebrdrejt\u00eb t\u00eb kryeministrit Edi Rama. Berisha e cil\u00ebsoi skandalin e AKSHI-t si nj\u00eb krim monstruoz q\u00eb po hetohet jo &hellip;<\/p>\n","protected":false},"author":4,"featured_media":137447,"comment_status":"closed","ping_status":"closed","sticky":false,"template":"","format":"standard","meta":{"footnotes":""},"categories":[37],"tags":[],"class_list":["post-137468","post","type-post","status-publish","format-standard","has-post-thumbnail","","category-politike"],"_links":{"self":[{"href":"https:\/\/rdnews.al\/index.php\/wp-json\/wp\/v2\/posts\/137468","targetHints":{"allow":["GET"]}}],"collection":[{"href":"https:\/\/rdnews.al\/index.php\/wp-json\/wp\/v2\/posts"}],"about":[{"href":"https:\/\/rdnews.al\/index.php\/wp-json\/wp\/v2\/types\/post"}],"author":[{"embeddable":true,"href":"https:\/\/rdnews.al\/index.php\/wp-json\/wp\/v2\/users\/4"}],"replies":[{"embeddable":true,"href":"https:\/\/rdnews.al\/index.php\/wp-json\/wp\/v2\/comments?post=137468"}],"version-history":[{"count":1,"href":"https:\/\/rdnews.al\/index.php\/wp-json\/wp\/v2\/posts\/137468\/revisions"}],"predecessor-version":[{"id":137469,"href":"https:\/\/rdnews.al\/index.php\/wp-json\/wp\/v2\/posts\/137468\/revisions\/137469"}],"wp:featuredmedia":[{"embeddable":true,"href":"https:\/\/rdnews.al\/index.php\/wp-json\/wp\/v2\/media\/137447"}],"wp:attachment":[{"href":"https:\/\/rdnews.al\/index.php\/wp-json\/wp\/v2\/media?parent=137468"}],"wp:term":[{"taxonomy":"category","embeddable":true,"href":"https:\/\/rdnews.al\/index.php\/wp-json\/wp\/v2\/categories?post=137468"},{"taxonomy":"post_tag","embeddable":true,"href":"https:\/\/rdnews.al\/index.php\/wp-json\/wp\/v2\/tags?post=137468"}],"curies":[{"name":"wp","href":"https:\/\/api.w.org\/{rel}","templated":true}]}}