{"id":137556,"date":"2026-03-06T11:58:24","date_gmt":"2026-03-06T11:58:24","guid":{"rendered":"https:\/\/rdnews.al\/?p=137556"},"modified":"2026-03-06T11:58:24","modified_gmt":"2026-03-06T11:58:24","slug":"berisha-bajrami-i-presidences-u-be-harami-i-presidences-me-firmat-qe-vendosi-per-ministrat-e-klonuar-nga-lubia","status":"publish","type":"post","link":"https:\/\/rdnews.al\/index.php\/2026\/03\/06\/berisha-bajrami-i-presidences-u-be-harami-i-presidences-me-firmat-qe-vendosi-per-ministrat-e-klonuar-nga-lubia\/","title":{"rendered":"Berisha: Bajrami i Presidenc\u00ebs u b\u00eb Harami i Presidenc\u00ebs me firmat q\u00eb vendosi p\u00ebr ministrat e klonuar nga Lubia"},"content":{"rendered":"<p>Kryetari i PD, Sali Berisha, n\u00eb nj\u00eb deklarat\u00eb p\u00ebr media tha se Presidenti Bajram Begaj, me dekretimin e ministrave t\u00eb rinj, \u00ebsht\u00eb b\u00ebr\u00eb harami i Presidenc\u00ebs.<\/p>\n<p><strong>Berisha:<\/strong> Sot n\u00eb presidenc\u00eb u zhvillua ceremonia m\u00eb qesharake, m\u00eb komike, m\u00eb banale e 35 viteve t\u00eb fundit.<\/p>\n<p>Riformatimi i qeveris\u00eb me klonimin, t\u00eb klonuar nga Lubi Balluku sh\u00ebnon krimin permanent, n\u00eb vazhdim.<\/p>\n<p>Sh\u00ebnon p\u00ebrpjekjen p\u00ebr t\u2019u trash\u00ebguar n\u00ebp\u00ebrmjet krimit dhe vjedhjes s\u00eb shqiptar\u00ebve.<\/p>\n<p>T\u00eb gjith\u00eb t\u00eb em\u00ebruarit pa p\u00ebrjashtim jan\u00eb t\u00eb lidhur me 1 mij\u00eb fije me korrupsionin m\u00eb t\u00eb lart\u00eb qeveritar, kan\u00eb firmat e tyre e m\u00ebdha korruptive t\u00eb vendit, n\u00eb fush\u00ebn e infrastruktur\u00ebs, n\u00eb fush\u00ebn e energjis\u00eb dhe n\u00eb fusha t\u00eb tjera.<\/p>\n<p>Sot, m\u00eb shum\u00eb se kurr\u00eb, Bajrami i Presidenc\u00ebs u b\u00eb Haram i Presidenc\u00ebs me firmat q\u00eb vendosi, me munges\u00ebn totale t\u00eb guximit p\u00ebr t\u2019i hedhur posht\u00eb propozimet, ai u b\u00eb pjes\u00eb e nj\u00eb krimi permanent, t\u00eb vazhduesh\u00ebm.<\/p>\n<p>Ndaj dhe ky akt e b\u00ebn t\u00eb domosdosh\u00ebm largimin e menj\u00ebhersh\u00ebm t\u00eb Edi Ram\u00ebs nga pushteti, dor\u00ebheqjen e tij.<\/p>\n<p>Dhe t\u00eb heq\u00eb dor\u00eb nga \u00e7do lloj manovre p\u00ebr t\u00eb zgjatur dit\u00ebt e tij n\u00eb pushtetin e krimit.<\/p>\n<p>Asgj\u00eb nuk e shp\u00ebton at\u00eb!<\/p>\n","protected":false},"excerpt":{"rendered":"<p>Kryetari i PD, Sali Berisha, n\u00eb nj\u00eb deklarat\u00eb p\u00ebr media tha se Presidenti Bajram Begaj, me dekretimin e ministrave t\u00eb rinj, \u00ebsht\u00eb b\u00ebr\u00eb harami i Presidenc\u00ebs. Berisha: Sot n\u00eb presidenc\u00eb u zhvillua ceremonia m\u00eb qesharake, m\u00eb komike, m\u00eb banale e 35 viteve t\u00eb fundit. Riformatimi i qeveris\u00eb me klonimin, t\u00eb klonuar nga Lubi Balluku sh\u00ebnon &hellip;<\/p>\n","protected":false},"author":4,"featured_media":137557,"comment_status":"closed","ping_status":"closed","sticky":false,"template":"","format":"standard","meta":{"footnotes":""},"categories":[37],"tags":[],"class_list":["post-137556","post","type-post","status-publish","format-standard","has-post-thumbnail","","category-politike"],"_links":{"self":[{"href":"https:\/\/rdnews.al\/index.php\/wp-json\/wp\/v2\/posts\/137556","targetHints":{"allow":["GET"]}}],"collection":[{"href":"https:\/\/rdnews.al\/index.php\/wp-json\/wp\/v2\/posts"}],"about":[{"href":"https:\/\/rdnews.al\/index.php\/wp-json\/wp\/v2\/types\/post"}],"author":[{"embeddable":true,"href":"https:\/\/rdnews.al\/index.php\/wp-json\/wp\/v2\/users\/4"}],"replies":[{"embeddable":true,"href":"https:\/\/rdnews.al\/index.php\/wp-json\/wp\/v2\/comments?post=137556"}],"version-history":[{"count":1,"href":"https:\/\/rdnews.al\/index.php\/wp-json\/wp\/v2\/posts\/137556\/revisions"}],"predecessor-version":[{"id":137558,"href":"https:\/\/rdnews.al\/index.php\/wp-json\/wp\/v2\/posts\/137556\/revisions\/137558"}],"wp:featuredmedia":[{"embeddable":true,"href":"https:\/\/rdnews.al\/index.php\/wp-json\/wp\/v2\/media\/137557"}],"wp:attachment":[{"href":"https:\/\/rdnews.al\/index.php\/wp-json\/wp\/v2\/media?parent=137556"}],"wp:term":[{"taxonomy":"category","embeddable":true,"href":"https:\/\/rdnews.al\/index.php\/wp-json\/wp\/v2\/categories?post=137556"},{"taxonomy":"post_tag","embeddable":true,"href":"https:\/\/rdnews.al\/index.php\/wp-json\/wp\/v2\/tags?post=137556"}],"curies":[{"name":"wp","href":"https:\/\/api.w.org\/{rel}","templated":true}]}}