{"id":137575,"date":"2026-03-06T13:59:50","date_gmt":"2026-03-06T13:59:50","guid":{"rendered":"https:\/\/rdnews.al\/?p=137575"},"modified":"2026-03-06T13:59:50","modified_gmt":"2026-03-06T13:59:50","slug":"perplasje-me-deklarata-mes-osmanit-dhe-vetevendosjes","status":"publish","type":"post","link":"https:\/\/rdnews.al\/index.php\/2026\/03\/06\/perplasje-me-deklarata-mes-osmanit-dhe-vetevendosjes\/","title":{"rendered":"P\u00ebrplasje me deklarata mes Osmanit dhe Vet\u00ebvendosjes"},"content":{"rendered":"<p><strong>Shefja e Grupit Parlamentar t\u00eb LVV-s\u00eb, Arb\u00ebrie Nagvci, pyet presidenten e vendit Vjosa Osmani q\u00eb t\u00eb thot\u00eb me em\u00ebr e me mbiem\u00ebr se kush jan\u00eb njer\u00ebzit e pap\u00ebrgjegjsh\u00ebm dhe n\u00ebse jan\u00eb jan\u00eb t\u00eb rreziksh\u00ebm p\u00ebr situat\u00ebn e krijuar.<\/strong><\/p>\n<p>Nagavci p\u00ebrmes nj\u00eb konference p\u00ebr media ka th\u00ebn\u00eb se \u00ebsht\u00eb obligim i saj dhe \u00ebsht\u00eb p\u00ebr keqardhje t\u00eb d\u00ebgjohen k\u00ebto deklarata.<\/p>\n<p>\u201cZonja Osmani, e cila aktualisht vazhdon t\u00eb jet\u00eb presidente, ka obligim institucional, kushtetues, personal, t\u00eb tregoj\u00eb me emra dhe mbiemra kush jan\u00eb k\u00ebta emra t\u00eb pap\u00ebrgjegjsh\u00ebm dhe, mbi t\u00eb gjitha, n\u00ebse jan\u00eb njer\u00ebz t\u00eb rreziksh\u00ebm, jo vet\u00ebm, sepse duhet ta b\u00ebj\u00eb t\u00eb qart\u00eb p\u00ebr qytetar\u00ebt, por edhe \u00ebsht\u00eb mir\u00eb t\u00eb tregoj\u00eb n\u00ebse ka qen\u00eb n\u00eb njohuri t\u00eb k\u00ebtyre planeve \u00e7far\u00eb ka nd\u00ebrmarr\u00eb ajo si presidente q\u00eb t\u2019i pengoj\u00eb k\u00ebto plane t\u00eb rrezikshme. \u00cbsht\u00eb obligim i saj dhe \u00ebsht\u00eb p\u00ebr keqardhje t\u00eb d\u00ebgjohen k\u00ebto deklarata\u201d, ka th\u00ebn\u00eb Nagavci.<\/p>\n<p>Ndryshe, sot n\u00eb konferenc\u00ebn e jasht\u00ebzakonshme p\u00ebr media, presidentja Vjosa Osmani e ka quajtur pap\u00ebrgjegj\u00ebsi q\u00eb Kuvendi nuk ka arritur ta zgjedh\u00eb presidentin e ri, derisa ka th\u00ebn\u00eb se situat\u00ebn e soll\u00ebn njer\u00ebz \u201cme q\u00ebllime t\u00eb rrezikshme\u201d.<\/p>\n<p>\u201cAskush nuk do duhej t\u00eb d\u00ebshironte nj\u00eb cik\u00ebl tjet\u00ebr politik, sidomos n\u00eb k\u00ebt\u00eb moment kur vendi ka nevoj\u00eb p\u00ebr stabilitet. Por k\u00ebtu e soll\u00ebn vendin njer\u00ebz t\u00eb pap\u00ebrgjegjsh\u00ebm e me q\u00ebllime t\u00eb rrezikshme\u201d, deklaroi ajo.<\/p>\n","protected":false},"excerpt":{"rendered":"<p>Shefja e Grupit Parlamentar t\u00eb LVV-s\u00eb, Arb\u00ebrie Nagvci, pyet presidenten e vendit Vjosa Osmani q\u00eb t\u00eb thot\u00eb me em\u00ebr e me mbiem\u00ebr se kush jan\u00eb njer\u00ebzit e pap\u00ebrgjegjsh\u00ebm dhe n\u00ebse jan\u00eb jan\u00eb t\u00eb rreziksh\u00ebm p\u00ebr situat\u00ebn e krijuar. Nagavci p\u00ebrmes nj\u00eb konference p\u00ebr media ka th\u00ebn\u00eb se \u00ebsht\u00eb obligim i saj dhe \u00ebsht\u00eb p\u00ebr keqardhje &hellip;<\/p>\n","protected":false},"author":3,"featured_media":137576,"comment_status":"closed","ping_status":"closed","sticky":false,"template":"","format":"standard","meta":{"footnotes":""},"categories":[38],"tags":[],"class_list":["post-137575","post","type-post","status-publish","format-standard","has-post-thumbnail","","category-bota"],"_links":{"self":[{"href":"https:\/\/rdnews.al\/index.php\/wp-json\/wp\/v2\/posts\/137575","targetHints":{"allow":["GET"]}}],"collection":[{"href":"https:\/\/rdnews.al\/index.php\/wp-json\/wp\/v2\/posts"}],"about":[{"href":"https:\/\/rdnews.al\/index.php\/wp-json\/wp\/v2\/types\/post"}],"author":[{"embeddable":true,"href":"https:\/\/rdnews.al\/index.php\/wp-json\/wp\/v2\/users\/3"}],"replies":[{"embeddable":true,"href":"https:\/\/rdnews.al\/index.php\/wp-json\/wp\/v2\/comments?post=137575"}],"version-history":[{"count":1,"href":"https:\/\/rdnews.al\/index.php\/wp-json\/wp\/v2\/posts\/137575\/revisions"}],"predecessor-version":[{"id":137577,"href":"https:\/\/rdnews.al\/index.php\/wp-json\/wp\/v2\/posts\/137575\/revisions\/137577"}],"wp:featuredmedia":[{"embeddable":true,"href":"https:\/\/rdnews.al\/index.php\/wp-json\/wp\/v2\/media\/137576"}],"wp:attachment":[{"href":"https:\/\/rdnews.al\/index.php\/wp-json\/wp\/v2\/media?parent=137575"}],"wp:term":[{"taxonomy":"category","embeddable":true,"href":"https:\/\/rdnews.al\/index.php\/wp-json\/wp\/v2\/categories?post=137575"},{"taxonomy":"post_tag","embeddable":true,"href":"https:\/\/rdnews.al\/index.php\/wp-json\/wp\/v2\/tags?post=137575"}],"curies":[{"name":"wp","href":"https:\/\/api.w.org\/{rel}","templated":true}]}}