{"id":137651,"date":"2026-03-07T12:53:55","date_gmt":"2026-03-07T12:53:55","guid":{"rendered":"https:\/\/rdnews.al\/?p=137651"},"modified":"2026-03-07T12:53:55","modified_gmt":"2026-03-07T12:53:55","slug":"berisha-spiropali-u-shkarkua-se-nuk-e-mbronte-lubine-para-te-huajve-do-priten-edhe-koka-te-tjera","status":"publish","type":"post","link":"https:\/\/rdnews.al\/index.php\/2026\/03\/07\/berisha-spiropali-u-shkarkua-se-nuk-e-mbronte-lubine-para-te-huajve-do-priten-edhe-koka-te-tjera\/","title":{"rendered":"Berisha: Spiropali u shkarkua se nuk e mbronte Lubin\u00eb para t\u00eb huajve! Do priten edhe koka t\u00eb tjera!"},"content":{"rendered":"<p>Kryetari i PD, Sali Berisha tha se, Spiropali nuk e mbronte Lubin\u00eb para t\u00eb huajve ndaj dhe u shkarkua! Do priten edhe koka t\u00eb tjera.<br \/>\nAi paralajm\u00ebroi se l\u00ebvizje t\u00eb tjera n\u00eb qeveri mund t\u00eb pasojn\u00eb, duke theksuar se kriza politike dhe akuzat p\u00ebr korrupsion brenda mazhoranc\u00ebs mund t\u00eb \u00e7ojn\u00eb n\u00eb largime t\u00eb tjera nga posti.<\/p>\n<p><strong>Desada Xhetani: Doktor p\u00ebrsh\u00ebndetje. N\u00eb \u00e7far\u00eb rrethanash ju e dinit se Rama do shkarkoj\u00eb Spiropalin?<\/strong><\/p>\n<p><strong>Sali Berisha:<\/strong> Si\u00e7 \u00ebsht\u00eb e qart\u00eb, n\u00eb t\u00eb gjitha veprimet, Lubia si nj\u00eb njeri i rrahur me vaj dhe uthull, e ka skllav Ram\u00ebn sepse aktiviteti vjedh\u00ebs, korurptiv i tyre \u00ebsht\u00eb edhe 25-vje\u00e7ar.<br \/>\nAjo ka qen\u00eb asistentja kryesore n\u00eb t\u00eb gjitha vjedhjet e Ram\u00ebs n\u00eb bashki dhe ato kan\u00eb arritur sipas raportit t\u00eb OSBE n\u00eb 200 milion\u00eb euro n\u00eb bankat offshore, q\u00eb Rama nuk e kund\u00ebrshtoi dot kurr\u00eb k\u00ebt\u00eb akuz\u00eb.<br \/>\nN\u00eb k\u00ebt\u00eb kuad\u00ebr, t\u00eb them realitetin, \u00ebsht\u00eb Lubia ajo q\u00eb komandon plot\u00ebsisht Ram\u00ebn.<br \/>\nDhe ju keni konstatuar se si Rama \u00ebsht\u00eb b\u00ebr\u00eb avokati m\u00eb kryesor i saj qoft\u00eb n\u00eb gjykata, qoft\u00eb n\u00eb publik, qoft\u00eb kudo, gj\u00eb t\u00eb cil\u00ebn Spiropali nuk e mori p\u00ebrsip\u00ebr.<br \/>\nSepse Spiropali n\u00eb takimet e saj, ku n\u00eb \u00e7do takim, \u00e7\u00ebshtja e par\u00eb q\u00eb i ngrihej ishte \u00e7\u00ebshtja Balluku, Spiropali nuk shprehej se ajo \u00ebsht\u00eb e pafajshme, por shprehej n\u00eb m\u00ebnyr\u00eb evazive se shpresoj q\u00eb drejt\u00ebsia t\u00eb mos pengohej dhe t\u00eb gjitha k\u00ebto nga shoq\u00ebruesit e saj i shkonin direkt Ram\u00ebs dhe Lubis\u00eb.<br \/>\nDhe un\u00eb k\u00ebt\u00eb e pata paralajm\u00ebruar prej koh\u00ebsh se e mora vesh dhe do ket\u00eb edhe t\u00eb tjer\u00eb.<br \/>\nSe asnj\u00eb nga k\u00ebta q\u00eb takohen me t\u00eb huaj, k\u00ebta q\u00eb n\u00eb parlament rrahin gjoksin dhe b\u00ebhen avoket\u00ebr t\u00eb saj, n\u00eb takimeve t\u00eb huaj nuk thon\u00eb nj\u00eb fjal\u00eb n\u00eb mbrojtje t\u00eb saj, por l\u00ebn\u00eb t\u00eb kuptohet se gjith\u00e7ka \u00ebsht\u00eb nga lidhja e saj me Ram\u00ebn sa jan\u00eb t\u00eb habitur i gjith\u00eb komuniteti nd\u00ebrkomb\u00ebtar se \u00e7far\u00eb lidhje.<br \/>\nPor ata gabojn\u00eb nj\u00eb gj\u00eb, komuniteti nd\u00ebrkomb\u00ebtar.<br \/>\nT\u00eb gjith\u00eb ata q\u00eb mendojn\u00eb se n\u00eb shum\u00ebllojshm\u00ebrin\u00eb e lidhjeve, disa jan\u00eb par\u00ebsore, un\u00eb u them atyre se lidhjet m\u00eb t\u00eb tmerrshme, m\u00eb t\u00eb pazgjidhshme jan\u00eb lidhjet n\u00eb krim.<br \/>\nDhe \u00e7do aludim p\u00ebr lidhje t\u00eb tjera \u00ebsht\u00eb i gabuar.<br \/>\nLidhja e Lubi Ballukut me Edi Ram\u00ebn \u00ebsht\u00eb lidhje n\u00eb krim.<br \/>\nKy \u00ebsht\u00eb gjith\u00eb problemi, prandaj ai nuk e l\u00ebshon dot.<br \/>\nDhe do ket\u00eb edhe koka t\u00eb tjera.<br \/>\nSi ia mbylli goj\u00ebn Taos ky? I zgjodhi regjistrimet e Oltion Bistrit. Ajo \u00ebsht\u00eb marr\u00eb me nj\u00eb veprimtari t\u00eb zez\u00eb p\u00ebrgjuese ndaj tyre si askush tjet\u00ebr.<br \/>\nDhe Ram\u00ebn ajo e ka p\u00ebrgjuar n\u00eb \u00e7do lloj drejtimi.<\/p>\n","protected":false},"excerpt":{"rendered":"<p>Kryetari i PD, Sali Berisha tha se, Spiropali nuk e mbronte Lubin\u00eb para t\u00eb huajve ndaj dhe u shkarkua! Do priten edhe koka t\u00eb tjera. Ai paralajm\u00ebroi se l\u00ebvizje t\u00eb tjera n\u00eb qeveri mund t\u00eb pasojn\u00eb, duke theksuar se kriza politike dhe akuzat p\u00ebr korrupsion brenda mazhoranc\u00ebs mund t\u00eb \u00e7ojn\u00eb n\u00eb largime t\u00eb tjera nga &hellip;<\/p>\n","protected":false},"author":4,"featured_media":137652,"comment_status":"closed","ping_status":"closed","sticky":false,"template":"","format":"standard","meta":{"footnotes":""},"categories":[37],"tags":[],"class_list":["post-137651","post","type-post","status-publish","format-standard","has-post-thumbnail","","category-politike"],"_links":{"self":[{"href":"https:\/\/rdnews.al\/index.php\/wp-json\/wp\/v2\/posts\/137651","targetHints":{"allow":["GET"]}}],"collection":[{"href":"https:\/\/rdnews.al\/index.php\/wp-json\/wp\/v2\/posts"}],"about":[{"href":"https:\/\/rdnews.al\/index.php\/wp-json\/wp\/v2\/types\/post"}],"author":[{"embeddable":true,"href":"https:\/\/rdnews.al\/index.php\/wp-json\/wp\/v2\/users\/4"}],"replies":[{"embeddable":true,"href":"https:\/\/rdnews.al\/index.php\/wp-json\/wp\/v2\/comments?post=137651"}],"version-history":[{"count":1,"href":"https:\/\/rdnews.al\/index.php\/wp-json\/wp\/v2\/posts\/137651\/revisions"}],"predecessor-version":[{"id":137653,"href":"https:\/\/rdnews.al\/index.php\/wp-json\/wp\/v2\/posts\/137651\/revisions\/137653"}],"wp:featuredmedia":[{"embeddable":true,"href":"https:\/\/rdnews.al\/index.php\/wp-json\/wp\/v2\/media\/137652"}],"wp:attachment":[{"href":"https:\/\/rdnews.al\/index.php\/wp-json\/wp\/v2\/media?parent=137651"}],"wp:term":[{"taxonomy":"category","embeddable":true,"href":"https:\/\/rdnews.al\/index.php\/wp-json\/wp\/v2\/categories?post=137651"},{"taxonomy":"post_tag","embeddable":true,"href":"https:\/\/rdnews.al\/index.php\/wp-json\/wp\/v2\/tags?post=137651"}],"curies":[{"name":"wp","href":"https:\/\/api.w.org\/{rel}","templated":true}]}}