{"id":137710,"date":"2026-03-09T10:26:44","date_gmt":"2026-03-09T10:26:44","guid":{"rendered":"https:\/\/rdnews.al\/?p=137710"},"modified":"2026-03-09T10:40:24","modified_gmt":"2026-03-09T10:40:24","slug":"ulusi-gjitheologu-i-radhes","status":"publish","type":"post","link":"https:\/\/rdnews.al\/index.php\/2026\/03\/09\/ulusi-gjitheologu-i-radhes\/","title":{"rendered":"Ulusi \u201cgjith\u00ebologu\u201d i radh\u00ebs: \u201c\u00c7\u00ebshtja i takon drejt\u00ebsis\u00eb, por vendimet i marrim ne\u201d!"},"content":{"rendered":"<p><strong>Nga Atird HOXHA<\/strong><\/p>\n<p>Ulusi, \u201cgjith\u00ebologu\u201d i radh\u00ebs:<br \/>\n\u201c\u00c7\u00ebshtja i takon drejt\u00ebsis\u00eb, por vendimet i marrim ne.\u201d<\/p>\n<p>Pra, kjo \u00ebsht\u00eb filozofia e v\u00ebrtet\u00eb e pushtetit t\u00eb Ram\u00ebs. Drejt\u00ebsia gjoja \u00ebsht\u00eb e pavarur, por kur vjen puna te t\u00eb vet\u00ebt, vendimet i merr partia.<\/p>\n<p>E kuptoni tani sa penges\u00eb p\u00ebr drejt\u00ebsin\u00eb jan\u00eb vet\u00eb Rama dhe mazhoranca e tij? Pik\u00ebrisht ata q\u00eb na kan\u00eb lodhur prej vitesh me propagand\u00ebn se nuk do t\u00eb komentonin kurr\u00eb \u00e7\u00ebshtje q\u00eb i takojn\u00eb drejt\u00ebsis\u00eb.<\/p>\n<p>Sot po b\u00ebjn\u00eb pik\u00ebrisht t\u00eb kund\u00ebrt\u00ebn.<\/p>\n<p>\u00cbsht\u00eb e turpshme m\u00ebnyra se si posht\u00ebrohen deputet\u00ebt e mazhoranc\u00ebs nga dyshja Rama&amp;Balluku. Disa vjedhin dhe i gjith\u00eb grupi parlamentar rreshtohet si mburoj\u00eb p\u00ebr t\u2019i mbrojtur.<\/p>\n<p>Dhe si p\u00ebr ta b\u00ebr\u00eb edhe m\u00eb t\u00eb qart\u00eb, Ulusi tha se \u00e7do \u00e7\u00ebshtje tjet\u00ebr duhet t\u00eb ndjek\u00eb t\u00eb nj\u00ebjt\u00ebn trajektore. Me pak fjal\u00eb, nuk do t\u00eb ket\u00eb m\u00eb SPAK q\u00eb prek politikan\u00ebt e \u201cRilindjes\u201d.<\/p>\n<p>Nd\u00ebrkoh\u00eb tani \u00ebsht\u00eb momenti i Rama\u00ebs q\u00eb do t\u00eb vazhdoj\u00eb me monologun e tij nj\u00ebor\u00ebsh, me t\u00eb nj\u00ebjtat fjali t\u00eb p\u00ebrs\u00ebritura dhe t\u00eb lodhshme.<\/p>\n<p>Por thelbi \u00ebsht\u00eb vet\u00ebm nj\u00eb:<br \/>\nBelinda Balluku nuk preket.<\/p>\n","protected":false},"excerpt":{"rendered":"<p>Nga Atird HOXHA Ulusi, \u201cgjith\u00ebologu\u201d i radh\u00ebs: \u201c\u00c7\u00ebshtja i takon drejt\u00ebsis\u00eb, por vendimet i marrim ne.\u201d Pra, kjo \u00ebsht\u00eb filozofia e v\u00ebrtet\u00eb e pushtetit t\u00eb Ram\u00ebs. Drejt\u00ebsia gjoja \u00ebsht\u00eb e pavarur, por kur vjen puna te t\u00eb vet\u00ebt, vendimet i merr partia. E kuptoni tani sa penges\u00eb p\u00ebr drejt\u00ebsin\u00eb jan\u00eb vet\u00eb Rama dhe mazhoranca e &hellip;<\/p>\n","protected":false},"author":4,"featured_media":15929,"comment_status":"closed","ping_status":"closed","sticky":false,"template":"","format":"standard","meta":{"footnotes":""},"categories":[44],"tags":[],"class_list":["post-137710","post","type-post","status-publish","format-standard","has-post-thumbnail","","category-editorial"],"_links":{"self":[{"href":"https:\/\/rdnews.al\/index.php\/wp-json\/wp\/v2\/posts\/137710","targetHints":{"allow":["GET"]}}],"collection":[{"href":"https:\/\/rdnews.al\/index.php\/wp-json\/wp\/v2\/posts"}],"about":[{"href":"https:\/\/rdnews.al\/index.php\/wp-json\/wp\/v2\/types\/post"}],"author":[{"embeddable":true,"href":"https:\/\/rdnews.al\/index.php\/wp-json\/wp\/v2\/users\/4"}],"replies":[{"embeddable":true,"href":"https:\/\/rdnews.al\/index.php\/wp-json\/wp\/v2\/comments?post=137710"}],"version-history":[{"count":2,"href":"https:\/\/rdnews.al\/index.php\/wp-json\/wp\/v2\/posts\/137710\/revisions"}],"predecessor-version":[{"id":137715,"href":"https:\/\/rdnews.al\/index.php\/wp-json\/wp\/v2\/posts\/137710\/revisions\/137715"}],"wp:featuredmedia":[{"embeddable":true,"href":"https:\/\/rdnews.al\/index.php\/wp-json\/wp\/v2\/media\/15929"}],"wp:attachment":[{"href":"https:\/\/rdnews.al\/index.php\/wp-json\/wp\/v2\/media?parent=137710"}],"wp:term":[{"taxonomy":"category","embeddable":true,"href":"https:\/\/rdnews.al\/index.php\/wp-json\/wp\/v2\/categories?post=137710"},{"taxonomy":"post_tag","embeddable":true,"href":"https:\/\/rdnews.al\/index.php\/wp-json\/wp\/v2\/tags?post=137710"}],"curies":[{"name":"wp","href":"https:\/\/api.w.org\/{rel}","templated":true}]}}