{"id":137712,"date":"2026-03-09T10:32:48","date_gmt":"2026-03-09T10:32:48","guid":{"rendered":"https:\/\/rdnews.al\/?p=137712"},"modified":"2026-03-09T10:32:48","modified_gmt":"2026-03-09T10:32:48","slug":"shqiperia-nuk-e-kaloi-testin-kritik-kellici-bashkohemi-me-12-mars-te-shpetojme-vendin","status":"publish","type":"post","link":"https:\/\/rdnews.al\/index.php\/2026\/03\/09\/shqiperia-nuk-e-kaloi-testin-kritik-kellici-bashkohemi-me-12-mars-te-shpetojme-vendin\/","title":{"rendered":"Shqip\u00ebria nuk e kaloi testin kritik, K\u00eblli\u00e7i: Bashkohemi m\u00eb 12 mars t\u00eb shp\u00ebtojm\u00eb vendin!"},"content":{"rendered":"<p><strong>Nga Belind KELLI\u00c7I<\/strong><\/p>\n<p>Edi Rama vendosi sot t\u00eb ruaj\u00eb imunitetin p\u00ebrball\u00eb drejt\u00ebsis\u00eb me forc\u00ebn e kartonave q\u00eb ka n\u00eb Kuvend. Edi Rama u tha t\u00eb gjith\u00eb shqiptar\u00ebve se ai \u00ebsht\u00eb mbi ligjin dhe nuk \u00ebsht\u00eb i barabart\u00eb me qytetar\u00ebt.<\/p>\n<p>Duke zgjedhur t\u00eb mbroj\u00eb aferat e tij korruptive, dhe duke mbrojtur bashk\u00ebpun\u00ebtoren m\u00eb t\u00eb ngusht\u00eb, Edi Rama sfidoi drejt\u00ebsin\u00eb dhe integrimin europian t\u00eb vendit, si dhe hodhi dhe nj\u00eb hap tjet\u00ebr n\u00eb p\u00ebrshkall\u00ebzimin e tensionit politik n\u00eb vend.<\/p>\n<p>Ky akt \u00ebsht\u00eb nj\u00eb vendim kund\u00ebr Shqip\u00ebris\u00eb, vet\u00ebm e vet\u00ebm q\u00eb Edi Rama t\u00eb ruaj\u00eb karrigen e l\u00ebkur\u00ebn e tij. U d\u00ebshmua haptazi dhe sot se qendrimet e p\u00ebrbetimet e tij p\u00ebr drejt\u00ebsin\u00eb kan\u00eb q\u00ebn\u00eb nj\u00eb propagand\u00eb e ul\u00ebt q\u00eb ra, n\u00eb rastin m\u00eb t\u00eb par\u00eb kur hetimi shkoi n\u00eb paradhom\u00ebn e tij.<\/p>\n<p>Me vendimin q\u00eb shpalli sot, Edi Rama konkludoi pengimin e drejt\u00ebsis\u00eb, nj\u00eb kurs q\u00eb nisi q\u00eb dit\u00ebn e par\u00eb kur mb\u00ebrriti n\u00eb Kuvend k\u00ebrkesa p\u00ebr arrestimin e Belinda Ballukut.<\/p>\n<p>T\u00eb gjitha zvarritjet dhe sulmet e vazhdueshme ndaj SPAK kulmuan me vendimin sot p\u00ebr t\u00eb rr\u00ebzuar k\u00ebrkes\u00ebn e Struktur\u00ebs s\u00eb Posa\u00e7me anti-korrupsion.<\/p>\n<p>Testin kritik, si\u00e7 e cil\u00ebsoi k\u00ebt\u00eb Brukseli, Shqip\u00ebria sot nuk e kaloi.<\/p>\n<p>Tanim\u00eb \u00ebsht\u00eb e qart\u00eb p\u00ebr \u00e7dok\u00ebnd. Edi Rama \u00ebsht\u00eb gati t\u00eb marr\u00eb peng vendin dhe t\u00eb ardhmen e tij, p\u00ebr t\u00eb shp\u00ebtuar nga drejt\u00ebsia, p\u00ebr t\u00eb shp\u00ebtuar nga burgu q\u00eb e pret.<\/p>\n<p>I ngelet qytetar\u00ebve, i ngelet shqiptar\u00ebve t\u00eb thon\u00eb fjal\u00ebn e fundit. Me 12 mars, bashkohemi para Kuvendit, e t\u00eb shpallim se Shqip\u00ebria nuk \u00ebsht\u00eb pla\u00e7k\u00eb e nj\u00eb kryeministri t\u00eb korruptuar e t\u00eb lidhur me krimin e kartelet.<\/p>\n","protected":false},"excerpt":{"rendered":"<p>Nga Belind KELLI\u00c7I Edi Rama vendosi sot t\u00eb ruaj\u00eb imunitetin p\u00ebrball\u00eb drejt\u00ebsis\u00eb me forc\u00ebn e kartonave q\u00eb ka n\u00eb Kuvend. Edi Rama u tha t\u00eb gjith\u00eb shqiptar\u00ebve se ai \u00ebsht\u00eb mbi ligjin dhe nuk \u00ebsht\u00eb i barabart\u00eb me qytetar\u00ebt. Duke zgjedhur t\u00eb mbroj\u00eb aferat e tij korruptive, dhe duke mbrojtur bashk\u00ebpun\u00ebtoren m\u00eb t\u00eb ngusht\u00eb, Edi &hellip;<\/p>\n","protected":false},"author":4,"featured_media":137713,"comment_status":"closed","ping_status":"closed","sticky":false,"template":"","format":"standard","meta":{"footnotes":""},"categories":[37],"tags":[],"class_list":["post-137712","post","type-post","status-publish","format-standard","has-post-thumbnail","","category-politike"],"_links":{"self":[{"href":"https:\/\/rdnews.al\/index.php\/wp-json\/wp\/v2\/posts\/137712","targetHints":{"allow":["GET"]}}],"collection":[{"href":"https:\/\/rdnews.al\/index.php\/wp-json\/wp\/v2\/posts"}],"about":[{"href":"https:\/\/rdnews.al\/index.php\/wp-json\/wp\/v2\/types\/post"}],"author":[{"embeddable":true,"href":"https:\/\/rdnews.al\/index.php\/wp-json\/wp\/v2\/users\/4"}],"replies":[{"embeddable":true,"href":"https:\/\/rdnews.al\/index.php\/wp-json\/wp\/v2\/comments?post=137712"}],"version-history":[{"count":1,"href":"https:\/\/rdnews.al\/index.php\/wp-json\/wp\/v2\/posts\/137712\/revisions"}],"predecessor-version":[{"id":137714,"href":"https:\/\/rdnews.al\/index.php\/wp-json\/wp\/v2\/posts\/137712\/revisions\/137714"}],"wp:featuredmedia":[{"embeddable":true,"href":"https:\/\/rdnews.al\/index.php\/wp-json\/wp\/v2\/media\/137713"}],"wp:attachment":[{"href":"https:\/\/rdnews.al\/index.php\/wp-json\/wp\/v2\/media?parent=137712"}],"wp:term":[{"taxonomy":"category","embeddable":true,"href":"https:\/\/rdnews.al\/index.php\/wp-json\/wp\/v2\/categories?post=137712"},{"taxonomy":"post_tag","embeddable":true,"href":"https:\/\/rdnews.al\/index.php\/wp-json\/wp\/v2\/tags?post=137712"}],"curies":[{"name":"wp","href":"https:\/\/api.w.org\/{rel}","templated":true}]}}