{"id":137727,"date":"2026-03-09T12:04:34","date_gmt":"2026-03-09T12:04:34","guid":{"rendered":"https:\/\/rdnews.al\/?p=137727"},"modified":"2026-03-09T12:04:34","modified_gmt":"2026-03-09T12:04:34","slug":"berisha-rama-mbylli-dyert-e-integrimit-ne-be-ky-ishte-nje-sulm-direkt-ndaj-qytetareve-shqiptare","status":"publish","type":"post","link":"https:\/\/rdnews.al\/index.php\/2026\/03\/09\/berisha-rama-mbylli-dyert-e-integrimit-ne-be-ky-ishte-nje-sulm-direkt-ndaj-qytetareve-shqiptare\/","title":{"rendered":"Berisha: Rama mbylli dyert e integrimit n\u00eb BE! Ky ishte nj\u00eb sulm direkt ndaj qytetar\u00ebve shqiptar\u00eb"},"content":{"rendered":"<p>Lideri i opozit\u00ebs, Sali Berisha ka reaguar pas vendimit t\u00eb rilindjes p\u00ebr t\u00eb mos hequr imunitetin e Belinda Ballukut q\u00eb k\u00ebrkohet nga SPAK pasi ajo \u00ebsht\u00eb n\u00ebn hetim nga ky institucion.<\/p>\n<p>Berisha tha se, Edi Rama mbylli dyert e integrimit n\u00eb BE!. Ky ishte nj\u00eb sulm direkt ndaj qytetar\u00ebve shqiptar\u00eb.<\/p>\n<p><strong>Berisha:<\/strong> T\u00eb nderuar qytetare dhe qytetar\u00eb, sapo d\u00ebgjuat t\u00ebrkuz\u00ebn koprolalike t\u00eb Edi Ram\u00ebs p\u00ebr Lubi Ballukun, n\u00eb fakt elegjin\u00eb e tij p\u00ebr veten e tij dhe p\u00ebr Lubin\u00eb.<\/p>\n<p>Sot, Edi Rama hoqi \u00e7do lloj maske dhe doli publikisht n\u00eb mbrojtje totale duke v\u00ebn\u00eb n\u00eb peng Kushtetut\u00ebn e vendit, ligjet e vendit, ndarjet e pushtetit dhe procesin e integrimit evropian.<\/p>\n<p>Edi Rama iu tha shqiptar\u00ebve sot se Belinda Balluku \u00ebsht\u00eb e paprekshme.<\/p>\n<p>Se Skapi \u00ebsht\u00eb nj\u00eb zero me bisht.<\/p>\n<p>Se drejt\u00ebsia nuk ekziston.<\/p>\n<p>Dhe se ai nuk ka nd\u00ebrmend t\u00eb p\u00ebrfill\u00eb asgj\u00eb nga Kushtetuta dhe ligjet e vendit.<\/p>\n<p>Ai mori n\u00eb mbrojtje totale veten e tij sepse de facto Lubia nuk ka qen\u00eb asgj\u00eb tejt\u00ebr ve\u00e7se noterja apo regjistruesja e t\u00eb gjitha vjedhjeve 25-vje\u00e7are t\u00eb k\u00ebtij kryehajduti.<\/p>\n<p>Edi Rama sot sfidoi \u00e7do shqiptar, sfidoi qytetar\u00ebt shqiptar\u00eb.<\/p>\n<p>T\u00eb dashur qytetar\u00eb dhe qytetare, nuk \u00ebsht\u00eb nj\u00eb sulm kryesisht nga Spakut, ndaj drejt\u00ebsis\u00eb kjo q\u00eb po b\u00ebn sepse n\u00eb k\u00ebt\u00eb drejtim, drejt\u00ebsia po p\u00ebrfaq\u00ebson ju, po p\u00ebrfaq\u00ebson ligjin dhe interesat tuaja.<\/p>\n<p>Por ky \u00ebsht\u00eb nj\u00eb sulm direkt ndaj jush, ndaj dinjitetit tuaj, ndaj lirive tuaja.<\/p>\n<p>Ky \u00ebsht\u00eb nj\u00eb sulm me t\u00eb cilin Edi Rama u thot\u00eb ju se ai q\u00ebndron mbi ligjin dhe se ai si nj\u00eb narkodiktator i v\u00ebrtet\u00eb vendos n\u00eb k\u00ebt\u00eb vend p\u00ebr gjith\u00e7ka dhe p\u00ebr \u00e7do gj\u00eb.<\/p>\n<p>Ai, sot d\u00ebshmoi m\u00eb shum\u00eb se kurr\u00eb se \u00ebsht\u00eb i gatsh\u00ebm t\u2019i p\u00ebrdor\u00eb mandatet e tij t\u00eb krimit si bajoneta kund\u00ebr qytetar\u00ebve shqiptar\u00eb dhe interesave t\u00eb tyre n\u00eb t\u00ebr\u00ebsi.<\/p>\n<p>Dhe n\u00eb ve\u00e7anti p\u00ebr mbylljen e dyerve t\u00eb integrimit t\u00eb Shqip\u00ebris\u00eb n\u00eb BE.<\/p>\n","protected":false},"excerpt":{"rendered":"<p>Lideri i opozit\u00ebs, Sali Berisha ka reaguar pas vendimit t\u00eb rilindjes p\u00ebr t\u00eb mos hequr imunitetin e Belinda Ballukut q\u00eb k\u00ebrkohet nga SPAK pasi ajo \u00ebsht\u00eb n\u00ebn hetim nga ky institucion. Berisha tha se, Edi Rama mbylli dyert e integrimit n\u00eb BE!. Ky ishte nj\u00eb sulm direkt ndaj qytetar\u00ebve shqiptar\u00eb. Berisha: T\u00eb nderuar qytetare dhe &hellip;<\/p>\n","protected":false},"author":4,"featured_media":137728,"comment_status":"closed","ping_status":"closed","sticky":false,"template":"","format":"standard","meta":{"footnotes":""},"categories":[37],"tags":[],"class_list":["post-137727","post","type-post","status-publish","format-standard","has-post-thumbnail","","category-politike"],"_links":{"self":[{"href":"https:\/\/rdnews.al\/index.php\/wp-json\/wp\/v2\/posts\/137727","targetHints":{"allow":["GET"]}}],"collection":[{"href":"https:\/\/rdnews.al\/index.php\/wp-json\/wp\/v2\/posts"}],"about":[{"href":"https:\/\/rdnews.al\/index.php\/wp-json\/wp\/v2\/types\/post"}],"author":[{"embeddable":true,"href":"https:\/\/rdnews.al\/index.php\/wp-json\/wp\/v2\/users\/4"}],"replies":[{"embeddable":true,"href":"https:\/\/rdnews.al\/index.php\/wp-json\/wp\/v2\/comments?post=137727"}],"version-history":[{"count":1,"href":"https:\/\/rdnews.al\/index.php\/wp-json\/wp\/v2\/posts\/137727\/revisions"}],"predecessor-version":[{"id":137729,"href":"https:\/\/rdnews.al\/index.php\/wp-json\/wp\/v2\/posts\/137727\/revisions\/137729"}],"wp:featuredmedia":[{"embeddable":true,"href":"https:\/\/rdnews.al\/index.php\/wp-json\/wp\/v2\/media\/137728"}],"wp:attachment":[{"href":"https:\/\/rdnews.al\/index.php\/wp-json\/wp\/v2\/media?parent=137727"}],"wp:term":[{"taxonomy":"category","embeddable":true,"href":"https:\/\/rdnews.al\/index.php\/wp-json\/wp\/v2\/categories?post=137727"},{"taxonomy":"post_tag","embeddable":true,"href":"https:\/\/rdnews.al\/index.php\/wp-json\/wp\/v2\/tags?post=137727"}],"curies":[{"name":"wp","href":"https:\/\/api.w.org\/{rel}","templated":true}]}}