{"id":137730,"date":"2026-03-09T12:08:04","date_gmt":"2026-03-09T12:08:04","guid":{"rendered":"https:\/\/rdnews.al\/?p=137730"},"modified":"2026-03-09T12:08:24","modified_gmt":"2026-03-09T12:08:24","slug":"berisha-nuk-eshte-ceshtja-e-ballukut-por-e-rames-vjedhjet-e-tij-tejkalojne-miliarda-portin-e-durresit-kerkon-ta-ndertoje-me-ruset","status":"publish","type":"post","link":"https:\/\/rdnews.al\/index.php\/2026\/03\/09\/berisha-nuk-eshte-ceshtja-e-ballukut-por-e-rames-vjedhjet-e-tij-tejkalojne-miliarda-portin-e-durresit-kerkon-ta-ndertoje-me-ruset\/","title":{"rendered":"Nuk \u00ebsht\u00eb \u00e7\u00ebshtja e Ballukut, por e Ram\u00ebs! Vjedhjet e tij tejkalojn\u00eb miliarda! Portin e Durr\u00ebsit k\u00ebrkon ta nd\u00ebrtoj\u00eb me rus\u00ebt"},"content":{"rendered":"<p>Kryetari i PD, Sali Berisha, n\u00eb nj\u00eb dalje p\u00ebr mediat, duke komentuar vendimin e PS p\u00ebr ish-zv\/kryeministren Balluku tha se, nuk \u00ebsht\u00eb \u00e7\u00ebshtja e Ballukut, por e Ram\u00ebs, vjedhjet e tij tejkalojn\u00eb miliarda!<\/p>\n<p><strong>Berisha:<\/strong> Nuk \u00ebsht\u00eb \u00e7\u00ebshtje e Ballukut, edhe nj\u00ebher\u00eb, asnj\u00ebri prej jush nuk duhet t\u00eb pranoj\u00eb k\u00ebt\u00eb narrativ\u00eb.<\/p>\n<p>\u00cbsht\u00eb \u00e7\u00ebshtja direkt e Edi Ram\u00ebs.<\/p>\n<p>Vjedhjet e tij tejkalojn\u00eb miliarda.<\/p>\n<p>Edi Rama \u00ebsht\u00eb i vetmi kryeminist\u00ebr n\u00eb Europ\u00eb q\u00eb ka nd\u00ebrtuar vil\u00ebn me themele 57 metra t\u00eb gjata dhe oborr 8300 metra.<\/p>\n<p>Edi Rama \u00ebsht\u00eb i vetmi kryeminist\u00ebr n\u00eb Europ\u00eb dhe n\u00eb bot\u00eb q\u00eb ka firm\u00ebn e tij t\u00eb zez\u00eb mbi objekte publike me vler\u00eb 130 milion\u00eb euro si\u00e7 \u00ebsht\u00eb inceneratori i Tiran\u00ebs q\u00eb nuk ekziston.<\/p>\n<p>Edi Rama ka firm\u00ebn e tij t\u00eb zez\u00eb, dor\u00ebn e tij t\u00eb zez\u00eb mbi koncesionet n\u00eb sh\u00ebndet\u00ebsi me vler\u00eb 630 milion\u00eb euro, gjob\u00eb e tmerrshme dhe shkat\u00ebrrimtare mbi sistemin sh\u00ebndet\u00ebsor vet\u00ebm p\u00ebr pasurimin e tij.<\/p>\n<p>Edi Rama ka firm\u00ebn e tij n\u00eb t\u00eb gjitha tender\u00ebt e rrug\u00ebve t\u00eb shembura sikur t\u00eb ishin rrug\u00eb kashte, por t\u00eb nd\u00ebrtuara me \u00e7mime 8 deri 12 her\u00eb m\u00eb t\u00eb shtrenjta se n\u00eb BE.<\/p>\n<p>Edi Rama ka dor\u00ebn e tij t\u00eb zez\u00eb mbi shkat\u00ebrrimin e Portit t\u00eb Durr\u00ebsit, nj\u00eb pasuri komb\u00ebtare prej 4 miliard\u00eb eurosh.<\/p>\n<p>Ai u p\u00ebrpoq t\u00eb t\u00ebrheq\u00eb n\u00eb aferat e tij korruptive NATO-n, por d\u00ebshtoi me turp dhe tani q\u00eb jan\u00eb oferta t\u00eb qarta t\u00eb partner\u00ebve strategjik\u00eb, ai k\u00ebrkon q\u00eb portin e Durr\u00ebsit p\u00ebr ta vjedhur ta nd\u00ebrtoj\u00eb me rus\u00ebt apo me t\u00eb tjer\u00eb q\u00eb kan\u00eb interesa t\u00eb ngushta strategjike me Shqip\u00ebrin\u00eb dhe NATO-n.<\/p>\n","protected":false},"excerpt":{"rendered":"<p>Kryetari i PD, Sali Berisha, n\u00eb nj\u00eb dalje p\u00ebr mediat, duke komentuar vendimin e PS p\u00ebr ish-zv\/kryeministren Balluku tha se, nuk \u00ebsht\u00eb \u00e7\u00ebshtja e Ballukut, por e Ram\u00ebs, vjedhjet e tij tejkalojn\u00eb miliarda! Berisha: Nuk \u00ebsht\u00eb \u00e7\u00ebshtje e Ballukut, edhe nj\u00ebher\u00eb, asnj\u00ebri prej jush nuk duhet t\u00eb pranoj\u00eb k\u00ebt\u00eb narrativ\u00eb. \u00cbsht\u00eb \u00e7\u00ebshtja direkt e Edi &hellip;<\/p>\n","protected":false},"author":4,"featured_media":137731,"comment_status":"closed","ping_status":"closed","sticky":false,"template":"","format":"standard","meta":{"footnotes":""},"categories":[37],"tags":[],"class_list":["post-137730","post","type-post","status-publish","format-standard","has-post-thumbnail","","category-politike"],"_links":{"self":[{"href":"https:\/\/rdnews.al\/index.php\/wp-json\/wp\/v2\/posts\/137730","targetHints":{"allow":["GET"]}}],"collection":[{"href":"https:\/\/rdnews.al\/index.php\/wp-json\/wp\/v2\/posts"}],"about":[{"href":"https:\/\/rdnews.al\/index.php\/wp-json\/wp\/v2\/types\/post"}],"author":[{"embeddable":true,"href":"https:\/\/rdnews.al\/index.php\/wp-json\/wp\/v2\/users\/4"}],"replies":[{"embeddable":true,"href":"https:\/\/rdnews.al\/index.php\/wp-json\/wp\/v2\/comments?post=137730"}],"version-history":[{"count":2,"href":"https:\/\/rdnews.al\/index.php\/wp-json\/wp\/v2\/posts\/137730\/revisions"}],"predecessor-version":[{"id":137733,"href":"https:\/\/rdnews.al\/index.php\/wp-json\/wp\/v2\/posts\/137730\/revisions\/137733"}],"wp:featuredmedia":[{"embeddable":true,"href":"https:\/\/rdnews.al\/index.php\/wp-json\/wp\/v2\/media\/137731"}],"wp:attachment":[{"href":"https:\/\/rdnews.al\/index.php\/wp-json\/wp\/v2\/media?parent=137730"}],"wp:term":[{"taxonomy":"category","embeddable":true,"href":"https:\/\/rdnews.al\/index.php\/wp-json\/wp\/v2\/categories?post=137730"},{"taxonomy":"post_tag","embeddable":true,"href":"https:\/\/rdnews.al\/index.php\/wp-json\/wp\/v2\/tags?post=137730"}],"curies":[{"name":"wp","href":"https:\/\/api.w.org\/{rel}","templated":true}]}}