{"id":137751,"date":"2026-03-09T14:21:37","date_gmt":"2026-03-09T14:21:37","guid":{"rendered":"https:\/\/rdnews.al\/?p=137751"},"modified":"2026-03-09T14:24:33","modified_gmt":"2026-03-09T14:24:33","slug":"vendimi-do-merret-me-netanjahun-trump-flet-per-fundin-e-luftes-ne-iran","status":"publish","type":"post","link":"https:\/\/rdnews.al\/index.php\/2026\/03\/09\/vendimi-do-merret-me-netanjahun-trump-flet-per-fundin-e-luftes-ne-iran\/","title":{"rendered":"&#8220;Vendimi final do merret prej meje&#8221; \/ Trump flet p\u00ebr fundin e luft\u00ebs n\u00eb Iran"},"content":{"rendered":"<div class=\"article-item-body\">\n<p><strong>&#8220;Fox News&#8221;<\/strong><\/p>\n<p>Presidenti Donald Trump t\u00eb diel\u00ebn la t\u00eb kuptohej se vendimi p\u00ebr t&#8217;i dh\u00ebn\u00eb fund luft\u00ebs n\u00eb Iran do t\u00eb jet\u00eb nj\u00eb vendim &#8220;i nd\u00ebrsjell\u00eb&#8221; q\u00eb ai do ta marr\u00eb me kryeministrin e Izraelit, Benjamin Netanyahu.<\/p>\n<p>Trump i b\u00ebri k\u00ebto komente gjat\u00eb nj\u00eb interviste t\u00eb shkurt\u00ebr telefonike me Times of Israel.<\/p>\n<p>&#8220;Mendoj se \u00ebsht\u00eb i nd\u00ebrsjell\u00eb&#8230; pak a shum\u00eb,&#8221; tha Trump, duke shtuar se ai dhe Netanyahu kan\u00eb &#8220;folur&#8221;.<\/p>\n<p>&#8220;Do t\u00eb marr nj\u00eb vendim n\u00eb koh\u00ebn e duhur, por gjith\u00e7ka do t\u00eb merret parasysh,&#8221; tha Trump. Presidenti shtoi m\u00eb pas se nd\u00ebrsa Netanyahu do t\u00eb ket\u00eb kontribut, fjala e fundit n\u00eb fund t\u00eb fundit do t\u00eb jet\u00eb e tij.<\/p>\n<p>Trump ka b\u00ebr\u00eb komente t\u00eb m\u00ebparshme se lufta kund\u00ebr Iranit mund t\u00eb zgjas\u00eb rreth kat\u00ebr jav\u00eb dhe se SHBA-t\u00eb ishin &#8220;p\u00ebrpara afatit&#8221;. Zyrtar\u00ebt e administrat\u00ebs Trump nuk kan\u00eb dh\u00ebn\u00eb ndonj\u00eb afat kohor specifik.<\/p>\n<\/div>\n","protected":false},"excerpt":{"rendered":"<p>&#8220;Fox News&#8221; Presidenti Donald Trump t\u00eb diel\u00ebn la t\u00eb kuptohej se vendimi p\u00ebr t&#8217;i dh\u00ebn\u00eb fund luft\u00ebs n\u00eb Iran do t\u00eb jet\u00eb nj\u00eb vendim &#8220;i nd\u00ebrsjell\u00eb&#8221; q\u00eb ai do ta marr\u00eb me kryeministrin e Izraelit, Benjamin Netanyahu. Trump i b\u00ebri k\u00ebto komente gjat\u00eb nj\u00eb interviste t\u00eb shkurt\u00ebr telefonike me Times of Israel. &#8220;Mendoj se \u00ebsht\u00eb &hellip;<\/p>\n","protected":false},"author":3,"featured_media":137752,"comment_status":"closed","ping_status":"closed","sticky":false,"template":"","format":"standard","meta":{"footnotes":""},"categories":[38],"tags":[],"class_list":["post-137751","post","type-post","status-publish","format-standard","has-post-thumbnail","","category-bota"],"_links":{"self":[{"href":"https:\/\/rdnews.al\/index.php\/wp-json\/wp\/v2\/posts\/137751","targetHints":{"allow":["GET"]}}],"collection":[{"href":"https:\/\/rdnews.al\/index.php\/wp-json\/wp\/v2\/posts"}],"about":[{"href":"https:\/\/rdnews.al\/index.php\/wp-json\/wp\/v2\/types\/post"}],"author":[{"embeddable":true,"href":"https:\/\/rdnews.al\/index.php\/wp-json\/wp\/v2\/users\/3"}],"replies":[{"embeddable":true,"href":"https:\/\/rdnews.al\/index.php\/wp-json\/wp\/v2\/comments?post=137751"}],"version-history":[{"count":3,"href":"https:\/\/rdnews.al\/index.php\/wp-json\/wp\/v2\/posts\/137751\/revisions"}],"predecessor-version":[{"id":137755,"href":"https:\/\/rdnews.al\/index.php\/wp-json\/wp\/v2\/posts\/137751\/revisions\/137755"}],"wp:featuredmedia":[{"embeddable":true,"href":"https:\/\/rdnews.al\/index.php\/wp-json\/wp\/v2\/media\/137752"}],"wp:attachment":[{"href":"https:\/\/rdnews.al\/index.php\/wp-json\/wp\/v2\/media?parent=137751"}],"wp:term":[{"taxonomy":"category","embeddable":true,"href":"https:\/\/rdnews.al\/index.php\/wp-json\/wp\/v2\/categories?post=137751"},{"taxonomy":"post_tag","embeddable":true,"href":"https:\/\/rdnews.al\/index.php\/wp-json\/wp\/v2\/tags?post=137751"}],"curies":[{"name":"wp","href":"https:\/\/api.w.org\/{rel}","templated":true}]}}