{"id":137758,"date":"2026-03-09T17:42:58","date_gmt":"2026-03-09T17:42:58","guid":{"rendered":"https:\/\/rdnews.al\/?p=137758"},"modified":"2026-03-09T17:42:58","modified_gmt":"2026-03-09T17:42:58","slug":"qe-te-shmangim-perplasjen-duhet-ti-therrasim-aresyes","status":"publish","type":"post","link":"https:\/\/rdnews.al\/index.php\/2026\/03\/09\/qe-te-shmangim-perplasjen-duhet-ti-therrasim-aresyes\/","title":{"rendered":"Q\u00eb t\u00eb shmangim p\u00ebrplasjen duhet t\u2019i th\u00ebrrasim ar\u00ebsyes!"},"content":{"rendered":"<p><strong>Nga Bislim AHMETAJ<\/strong><\/p>\n<p><a href=\"https:\/\/www.facebook.com\/hashtag\/edirama?__eep__=6&amp;__cft__%5b0%5d=AZZNDLxvvselFdE35IfuxDb2p3Lm2XegykUu29JQrM_vxJrn0tmDXzqcTRIWh1iXG2G_eteTUPWR-H_-3uUKuuDLL5Q1Kj5tKa7RtZwk1l78741pe2053wl149MZ4EdrxgswN-tyaoktnKU3SLivFPnyXNAdiUFWAW6Y2FQ9MZ32tQ&amp;__tn__=*NK-R\" target=\"_blank\" rel=\"noopener\">#EdiRama<\/a> me vendimin e tij cinik p\u00ebr t\u00eb mbrojtur me \u00e7do \u00e7mim Ballukun, po e \u00e7on vendin drejt nj\u00eb konflikti social t\u00eb pashmangsh\u00ebm.<\/p>\n<p><a href=\"https:\/\/www.facebook.com\/hashtag\/thirrjeve?__eep__=6&amp;__cft__%5b0%5d=AZZNDLxvvselFdE35IfuxDb2p3Lm2XegykUu29JQrM_vxJrn0tmDXzqcTRIWh1iXG2G_eteTUPWR-H_-3uUKuuDLL5Q1Kj5tKa7RtZwk1l78741pe2053wl149MZ4EdrxgswN-tyaoktnKU3SLivFPnyXNAdiUFWAW6Y2FQ9MZ32tQ&amp;__tn__=*NK-R\" target=\"_blank\" rel=\"noopener\">#Thirrjeve<\/a> t\u00eb p\u00ebrs\u00ebritura t\u00eb komunitetit nd\u00ebrkomb\u00ebtar p\u00ebr dialog politik ai po ju p\u00ebrgjigjet me &#8220;forc\u00ebn&#8221; e 83+3 kartove t\u00eb grabitur n\u00eb zgjedhjet e vitit t\u00eb shkuar.<\/p>\n<p><a href=\"https:\/\/www.facebook.com\/hashtag\/vendosja?__eep__=6&amp;__cft__%5b0%5d=AZZNDLxvvselFdE35IfuxDb2p3Lm2XegykUu29JQrM_vxJrn0tmDXzqcTRIWh1iXG2G_eteTUPWR-H_-3uUKuuDLL5Q1Kj5tKa7RtZwk1l78741pe2053wl149MZ4EdrxgswN-tyaoktnKU3SLivFPnyXNAdiUFWAW6Y2FQ9MZ32tQ&amp;__tn__=*NK-R\" target=\"_blank\" rel=\"noopener\">#Vendosja<\/a> e opozit\u00ebs n\u00eb kushtet e veprimeve ektreme n\u00eb protest\u00ebn e lajm\u00ebruar p\u00ebr dat\u00ebn 12 Mars \u00ebsht\u00eb kryek\u00ebput vep\u00ebr e Edi Marres.<\/p>\n<p><a href=\"https:\/\/www.facebook.com\/hashtag\/opozita?__eep__=6&amp;__cft__%5b0%5d=AZZNDLxvvselFdE35IfuxDb2p3Lm2XegykUu29JQrM_vxJrn0tmDXzqcTRIWh1iXG2G_eteTUPWR-H_-3uUKuuDLL5Q1Kj5tKa7RtZwk1l78741pe2053wl149MZ4EdrxgswN-tyaoktnKU3SLivFPnyXNAdiUFWAW6Y2FQ9MZ32tQ&amp;__tn__=*NK-R\" target=\"_blank\" rel=\"noopener\">#Opozita<\/a> nuk k\u00ebrkon q\u00eb t\u00eb shkoj n\u00eb burg askush dhe asnj\u00ebri q\u00eb nuk i ka futur duart n\u00eb xhepat e qytetar\u00ebve.<\/p>\n<p><a href=\"https:\/\/www.facebook.com\/hashtag\/opozita?__eep__=6&amp;__cft__%5b0%5d=AZZNDLxvvselFdE35IfuxDb2p3Lm2XegykUu29JQrM_vxJrn0tmDXzqcTRIWh1iXG2G_eteTUPWR-H_-3uUKuuDLL5Q1Kj5tKa7RtZwk1l78741pe2053wl149MZ4EdrxgswN-tyaoktnKU3SLivFPnyXNAdiUFWAW6Y2FQ9MZ32tQ&amp;__tn__=*NK-R\" target=\"_blank\" rel=\"noopener\">#Opozita<\/a> thjesht\u00eb ka denoncuar n\u00eb m\u00ebnyr\u00eb sistematike dhe krejt transperente vjedhjet e qeverive socialiste.<\/p>\n<p><a href=\"https:\/\/www.facebook.com\/hashtag\/k%C3%ABrkes%C3%ABn?__eep__=6&amp;__cft__%5b0%5d=AZZNDLxvvselFdE35IfuxDb2p3Lm2XegykUu29JQrM_vxJrn0tmDXzqcTRIWh1iXG2G_eteTUPWR-H_-3uUKuuDLL5Q1Kj5tKa7RtZwk1l78741pe2053wl149MZ4EdrxgswN-tyaoktnKU3SLivFPnyXNAdiUFWAW6Y2FQ9MZ32tQ&amp;__tn__=*NK-R\" target=\"_blank\" rel=\"noopener\">#K\u00ebrkes\u00ebn<\/a> p\u00ebr arrestimin e Ballukut, Ahmetajt, Kok\u00ebs, Beq\u00ebs, Tahirit <a href=\"https:\/\/l.facebook.com\/l.php?u=http%3A%2F%2Fand.co%2F%3Ffbclid%3DIwZXh0bgNhZW0CMTAAYnJpZBExa1FsTjluMEpWR1d5d0dCTXNydGMGYXBwX2lkEDIyMjAzOTE3ODgyMDA4OTIAAR6Pg3Bt7oIAlO5FREuUlgYS-9AMrkc58hrVbSlCFieXe28T6ylPBVw7GgbG6Q_aem_W7rPJG_9_cgE10VsqpQlUg&amp;h=AT6cIPkG_Xz8H-K8Y406QDgCh8HHVTtmteqKVTyZ8V4rSZFZaWVyCLpNU--LibbR1ad6qb5A-cChln1M7sNL7ontn6mBbgVS8TjBgjZ0UNc3qFBAgtioU_4vFznrHpSNIBxfHVWVWGqXQQg&amp;__tn__=-UK-R&amp;c%5b0%5d=AT7Lxirhf1-9nqFDWzPFw84zl3p97-4C-ap_MishTOwl5PSP1g1NgPobj8XTDPvCBPTvuNH_uW4cqPVlcDsyXOozc84STT6rAWUsTaVlEPG6y32OlquDM_KM0Qs3wUWc-Q7ok9QDzLoP-y2Er8D19k_K3I8IkR_bRX34NnXQcjWneBa9dWMHa5Awz8IbeLIwegE\" target=\"_blank\" rel=\"noopener\">and.co<\/a> e ka b\u00ebr\u00eb gjykata e posa\u00e7me dhe prokuroria e posa\u00e7me me t\u00eb cil\u00ebn deri dje EdiMARRJA krenohej q\u00eb nga Ku\u00e7i ku b\u00ebnte llogorit\u00eb e mandateve dhe deri n\u00eb Bruksel e Washinhton ku krenohej me reform\u00ebn m\u00eb drejt\u00ebsi.<\/p>\n<p><a href=\"https:\/\/www.facebook.com\/hashtag\/vjedhjet?__eep__=6&amp;__cft__%5b0%5d=AZZNDLxvvselFdE35IfuxDb2p3Lm2XegykUu29JQrM_vxJrn0tmDXzqcTRIWh1iXG2G_eteTUPWR-H_-3uUKuuDLL5Q1Kj5tKa7RtZwk1l78741pe2053wl149MZ4EdrxgswN-tyaoktnKU3SLivFPnyXNAdiUFWAW6Y2FQ9MZ32tQ&amp;__tn__=*NK-R\" target=\"_blank\" rel=\"noopener\">#Vjedhjet<\/a>, korrupsionin dhe bashk\u00ebpunimin me krimin e organizuar i keni b\u00ebr\u00eb me nj\u00ebri tjetrin n\u00eb kurriz t\u00eb qytetar\u00ebve shqiptar dhe jo me SPAK-in, GJKKOK-it, apo opozit\u00ebn.<\/p>\n<p><a href=\"https:\/\/www.facebook.com\/hashtag\/q%C3%ABndrimi?__eep__=6&amp;__cft__%5b0%5d=AZZNDLxvvselFdE35IfuxDb2p3Lm2XegykUu29JQrM_vxJrn0tmDXzqcTRIWh1iXG2G_eteTUPWR-H_-3uUKuuDLL5Q1Kj5tKa7RtZwk1l78741pe2053wl149MZ4EdrxgswN-tyaoktnKU3SLivFPnyXNAdiUFWAW6Y2FQ9MZ32tQ&amp;__tn__=*NK-R\" target=\"_blank\" rel=\"noopener\">#Q\u00ebndrimi<\/a> i sotsh\u00ebm i EdiMARRES, p\u00ebr mbrojtjen pa kushte t\u00eb Ballukut p\u00ebrball\u00eb drejt\u00ebsis\u00eb, duhet t\u00eb alarmoj Trupin Diplomatik t\u00eb akredituar n\u00eb Tiran\u00eb, n\u00eb m\u00ebnyr\u00eb t\u00eb ve\u00e7ant\u00eb ambasad\u00ebn e SHBA-s\u00eb dhe at\u00eb t\u00eb BE-s\u00eb.<\/p>\n<p><a href=\"https:\/\/www.facebook.com\/hashtag\/opozita?__eep__=6&amp;__cft__%5b0%5d=AZZNDLxvvselFdE35IfuxDb2p3Lm2XegykUu29JQrM_vxJrn0tmDXzqcTRIWh1iXG2G_eteTUPWR-H_-3uUKuuDLL5Q1Kj5tKa7RtZwk1l78741pe2053wl149MZ4EdrxgswN-tyaoktnKU3SLivFPnyXNAdiUFWAW6Y2FQ9MZ32tQ&amp;__tn__=*NK-R\" target=\"_blank\" rel=\"noopener\">#OPOZITA<\/a> \u00ebsht\u00eb n\u00eb t\u00eb drejt\u00ebn e saj legjitime dhe hyjnore t\u00eb udh\u00ebheq\u00eb dhe mbroj interesin e qytetar\u00ebv\u00eb t\u00eb vjedhur, t\u00eb shp\u00ebrfilluar dhe t\u00eb injoruar tash 13 vite nga nj\u00eb qeverisje antishqiptare.<\/p>\n<p><a href=\"https:\/\/www.facebook.com\/hashtag\/protesta?__eep__=6&amp;__cft__%5b0%5d=AZZNDLxvvselFdE35IfuxDb2p3Lm2XegykUu29JQrM_vxJrn0tmDXzqcTRIWh1iXG2G_eteTUPWR-H_-3uUKuuDLL5Q1Kj5tKa7RtZwk1l78741pe2053wl149MZ4EdrxgswN-tyaoktnKU3SLivFPnyXNAdiUFWAW6Y2FQ9MZ32tQ&amp;__tn__=*NK-R\" target=\"_blank\" rel=\"noopener\">#Protesta<\/a> e 12 Marsit para Parlamentit \u00ebsht\u00eb e ballafaquar me rriskun e p\u00ebrplasjes me pasoja t\u00eb paparashikuara midis qytetar\u00ebve dhe policis\u00eb s\u00eb shtetit.<\/p>\n<p><a href=\"https:\/\/www.facebook.com\/hashtag\/p%C3%ABrpara?__eep__=6&amp;__cft__%5b0%5d=AZZNDLxvvselFdE35IfuxDb2p3Lm2XegykUu29JQrM_vxJrn0tmDXzqcTRIWh1iXG2G_eteTUPWR-H_-3uUKuuDLL5Q1Kj5tKa7RtZwk1l78741pe2053wl149MZ4EdrxgswN-tyaoktnKU3SLivFPnyXNAdiUFWAW6Y2FQ9MZ32tQ&amp;__tn__=*NK-R\" target=\"_blank\" rel=\"noopener\">#P\u00ebrpara<\/a> se t\u00eb ndodh\u00eb p\u00ebrplasja sociale mes qytetar\u00ebve dhe policis\u00eb krer\u00ebt e opozit\u00ebs duhet t\u00eb b\u00ebjn\u00eb gjith\u00e7ka q\u00eb t\u00eb sensibilizojn\u00eb nd\u00ebrkomb\u00ebtar\u00ebt.<\/p>\n<p><a href=\"https:\/\/www.facebook.com\/hashtag\/policia?__eep__=6&amp;__cft__%5b0%5d=AZZNDLxvvselFdE35IfuxDb2p3Lm2XegykUu29JQrM_vxJrn0tmDXzqcTRIWh1iXG2G_eteTUPWR-H_-3uUKuuDLL5Q1Kj5tKa7RtZwk1l78741pe2053wl149MZ4EdrxgswN-tyaoktnKU3SLivFPnyXNAdiUFWAW6Y2FQ9MZ32tQ&amp;__tn__=*NK-R\" target=\"_blank\" rel=\"noopener\">#Policia<\/a> e Shtetit nuk duhet t&#8217;ja lejoj vet\u00ebs q\u00eb t\u00eb p\u00ebrdoret si mburoj p\u00ebr korrupsionin dhe krimin qeveritar.<\/p>\n<p><a href=\"https:\/\/www.facebook.com\/hashtag\/p%C3%ABrpara?__eep__=6&amp;__cft__%5b0%5d=AZZNDLxvvselFdE35IfuxDb2p3Lm2XegykUu29JQrM_vxJrn0tmDXzqcTRIWh1iXG2G_eteTUPWR-H_-3uUKuuDLL5Q1Kj5tKa7RtZwk1l78741pe2053wl149MZ4EdrxgswN-tyaoktnKU3SLivFPnyXNAdiUFWAW6Y2FQ9MZ32tQ&amp;__tn__=*NK-R\" target=\"_blank\" rel=\"noopener\">#P\u00ebrpara<\/a> se t\u00eb flas\u00eb revolta e qytetar\u00ebve t\u00eb irrituar duhet t\u00eb flas\u00eb ar\u00ebsyeja e politikan\u00ebve dhe institucioneve.<\/p>\n<p><a href=\"https:\/\/www.facebook.com\/hashtag\/socialist%C3%ABt?__eep__=6&amp;__cft__%5b0%5d=AZZNDLxvvselFdE35IfuxDb2p3Lm2XegykUu29JQrM_vxJrn0tmDXzqcTRIWh1iXG2G_eteTUPWR-H_-3uUKuuDLL5Q1Kj5tKa7RtZwk1l78741pe2053wl149MZ4EdrxgswN-tyaoktnKU3SLivFPnyXNAdiUFWAW6Y2FQ9MZ32tQ&amp;__tn__=*NK-R\" target=\"_blank\" rel=\"noopener\">#Socialist\u00ebt<\/a> q\u00eb nuk jan\u00eb pjes\u00eb e band\u00ebs s\u00eb EdiMARR\u00cbS duhet t\u00eb marrin p\u00ebrgjegj\u00ebsi para vet\u00ebs, familjes s\u00eb tyre politike dhe vendit.<\/p>\n<p><a href=\"https:\/\/www.facebook.com\/hashtag\/mos?__eep__=6&amp;__cft__%5b0%5d=AZZNDLxvvselFdE35IfuxDb2p3Lm2XegykUu29JQrM_vxJrn0tmDXzqcTRIWh1iXG2G_eteTUPWR-H_-3uUKuuDLL5Q1Kj5tKa7RtZwk1l78741pe2053wl149MZ4EdrxgswN-tyaoktnKU3SLivFPnyXNAdiUFWAW6Y2FQ9MZ32tQ&amp;__tn__=*NK-R\" target=\"_blank\" rel=\"noopener\">#Mos<\/a> prisni t\u00eb ar\u00ebsyetoj EdiMARRJA, atij ja ka mbyllur syt\u00eb dhe mendjen pushteti dhe droga.<\/p>\n<p><em><strong>Tiran\u00eb me 9 Mars 2026.<\/strong><\/em><\/p>\n<p><img decoding=\"async\" src=\"https:\/\/scontent.ftia5-1.fna.fbcdn.net\/v\/t39.30808-6\/649247947_122233788650045392_5779554941060616649_n.jpg?stp=dst-jpg_s640x640_tt6&amp;_nc_cat=109&amp;ccb=1-7&amp;_nc_sid=7b2446&amp;_nc_eui2=AeEtf9dlemJfcVYmxXh1pt9UN-Mh9k3qc9M34yH2Tepz0zU1mffa8urwnKF2bK7zWJo&amp;_nc_ohc=r9_8kaw5khsQ7kNvwFKM1oe&amp;_nc_oc=AdlDFPDEKz701ftEFRSQ3xaFIUyphSQVw9136cxqNXaSZnsuan3hetYyPlu0gzsqPzs&amp;_nc_zt=23&amp;_nc_ht=scontent.ftia5-1.fna&amp;_nc_gid=uLz_L5HTmPQ8Drx0HBJ4sQ&amp;_nc_ss=8&amp;oh=00_AfyVMylSlkwjITX4Sk9TDC88hRw83vWoHNdF58ZOHSvVDQ&amp;oe=69B4D1E9\" alt=\"Mund t\u00eb jet\u00eb nj\u00eb imazh i nj\u00eb ose m\u00eb shum\u00eb persona dhe teksti\" \/><\/p>\n","protected":false},"excerpt":{"rendered":"<p>Nga Bislim AHMETAJ #EdiRama me vendimin e tij cinik p\u00ebr t\u00eb mbrojtur me \u00e7do \u00e7mim Ballukun, po e \u00e7on vendin drejt nj\u00eb konflikti social t\u00eb pashmangsh\u00ebm. #Thirrjeve t\u00eb p\u00ebrs\u00ebritura t\u00eb komunitetit nd\u00ebrkomb\u00ebtar p\u00ebr dialog politik ai po ju p\u00ebrgjigjet me &#8220;forc\u00ebn&#8221; e 83+3 kartove t\u00eb grabitur n\u00eb zgjedhjet e vitit t\u00eb shkuar. #Vendosja e opozit\u00ebs &hellip;<\/p>\n","protected":false},"author":4,"featured_media":136424,"comment_status":"closed","ping_status":"closed","sticky":false,"template":"","format":"standard","meta":{"footnotes":""},"categories":[44],"tags":[],"class_list":["post-137758","post","type-post","status-publish","format-standard","has-post-thumbnail","","category-editorial"],"_links":{"self":[{"href":"https:\/\/rdnews.al\/index.php\/wp-json\/wp\/v2\/posts\/137758","targetHints":{"allow":["GET"]}}],"collection":[{"href":"https:\/\/rdnews.al\/index.php\/wp-json\/wp\/v2\/posts"}],"about":[{"href":"https:\/\/rdnews.al\/index.php\/wp-json\/wp\/v2\/types\/post"}],"author":[{"embeddable":true,"href":"https:\/\/rdnews.al\/index.php\/wp-json\/wp\/v2\/users\/4"}],"replies":[{"embeddable":true,"href":"https:\/\/rdnews.al\/index.php\/wp-json\/wp\/v2\/comments?post=137758"}],"version-history":[{"count":1,"href":"https:\/\/rdnews.al\/index.php\/wp-json\/wp\/v2\/posts\/137758\/revisions"}],"predecessor-version":[{"id":137759,"href":"https:\/\/rdnews.al\/index.php\/wp-json\/wp\/v2\/posts\/137758\/revisions\/137759"}],"wp:featuredmedia":[{"embeddable":true,"href":"https:\/\/rdnews.al\/index.php\/wp-json\/wp\/v2\/media\/136424"}],"wp:attachment":[{"href":"https:\/\/rdnews.al\/index.php\/wp-json\/wp\/v2\/media?parent=137758"}],"wp:term":[{"taxonomy":"category","embeddable":true,"href":"https:\/\/rdnews.al\/index.php\/wp-json\/wp\/v2\/categories?post=137758"},{"taxonomy":"post_tag","embeddable":true,"href":"https:\/\/rdnews.al\/index.php\/wp-json\/wp\/v2\/tags?post=137758"}],"curies":[{"name":"wp","href":"https:\/\/api.w.org\/{rel}","templated":true}]}}