{"id":137768,"date":"2026-03-09T18:17:56","date_gmt":"2026-03-09T18:17:56","guid":{"rendered":"https:\/\/rdnews.al\/?p=137768"},"modified":"2026-03-09T18:18:17","modified_gmt":"2026-03-09T18:18:17","slug":"berisha-me-12-mars-ne-ora-10-e-gjithe-shqiperia-tek-parlamenti-ti-japim-pergjigjen-e-merituar-edvin-kristaq-rames","status":"publish","type":"post","link":"https:\/\/rdnews.al\/index.php\/2026\/03\/09\/berisha-me-12-mars-ne-ora-10-e-gjithe-shqiperia-tek-parlamenti-ti-japim-pergjigjen-e-merituar-edvin-kristaq-rames\/","title":{"rendered":"M\u00eb 12 mars n\u00eb ora 10, e gjith\u00eb Shqip\u00ebria tek parlamenti! T\u2019i japim p\u00ebrgjigjen e merituar Edvin Kristaq Ram\u00ebs!"},"content":{"rendered":"<p>Kryetari i PD, Sali Berisha u ka b\u00ebr\u00eb thirrje qytetar\u00ebve q\u00eb t\u00eb n\u00eb dat\u00ebn 12 mars n\u00eb or\u00ebn 10 t\u00eb mblidhen t\u00eb gjith\u00eb tek parlamenti, p\u00ebr ti dh\u00ebn\u00eb p\u00ebrgjigjen e merituar Edi Ram\u00ebs dhe band\u00ebs s\u00eb tij.<\/p>\n<p>Berisha tha se, 12 marsi \u00ebsht\u00eb nj\u00eb dit\u00eb e madhe! Me 12 mars t\u00eb gjith\u00eb shqiptar\u00ebt para parlamentit. Me 12 mars \u00ebsht\u00eb dita e pranver\u00ebs s\u00eb demokracis\u00eb!<\/p>\n<p><strong>Berisha: <\/strong>Prap\u00eb u drejtohem k\u00ebtyre polic\u00ebve un\u00eb k\u00ebtu, dhe t\u00eb gjith\u00eb polic\u00ebve, t\u00eb gjith\u00eb ushtarak\u00ebve, t\u00eb gjith\u00eb punonj\u00ebsve t\u00eb administrat\u00ebs, mos mb\u00ebshtesni por sabotoni \u00e7do dit\u00eb k\u00ebt\u00eb regjim.<\/p>\n<p>Denoncojeni dhe sabotojeni, ta heqim nj\u00eb minut\u00eb e m\u00eb par\u00eb, ta hedhim n\u00eb koshin e plehrave t\u00eb historis\u00eb.<\/p>\n<p>A e pat\u00eb ju se si mbrojti, m\u00eb thoni cilin prej jush ka mbrojtur ai n\u00eb 13 vite si\u00e7 mbron hajduten, si\u00e7 mbron vjedhjet e veta, si\u00e7 mbron kriminelin e damkosur n\u00eb parlament, Taulant Balla dhe band\u00ebn tjet\u00ebr?<\/p>\n<p>Nuk duhet t\u00eb ndani me k\u00ebta horra moralin e tyre.<\/p>\n<p>K\u00ebta jan\u00eb kriminel\u00eb, jan\u00eb njer\u00ebz q\u00eb nuk kan\u00eb asgj\u00eb t\u00eb p\u00ebrbashk\u00ebt me moralin tuaj, familjeve tuaja, k\u00ebta jan\u00eb antishqiptar\u00eb q\u00eb po zbrazin Shqip\u00ebrin\u00eb, po shkat\u00ebrrojn\u00eb Shqip\u00ebrin\u00eb.<\/p>\n<p>Ndaj dhe duhet t\u2019u japim at\u00eb p\u00ebrgjigje q\u00eb meritojn\u00eb.<\/p>\n<p>Miq, 12 marsi \u00ebsht\u00eb nj\u00eb dit\u00eb e madhe.<\/p>\n<p>Me 12 mars t\u00eb gjith\u00eb shqiptar\u00ebt para parlamentit.<\/p>\n<p>Me 12 mars \u00ebsht\u00eb dita e pranver\u00ebs s\u00eb demokracis\u00eb.<\/p>\n<p>Dita e p\u00ebrmbysjes s\u00eb madhe t\u00eb narkoregjimit.<\/p>\n<p>Ndaj dhe n\u00eb ora 10, e gjith\u00eb Shqip\u00ebria tek parlamenti.<\/p>\n<p>T\u2019i japim p\u00ebrgjigjen e merituar Edvin Kristaq Ram\u00ebs dhe band\u00ebs s\u00eb tij.<\/p>\n<p>Rroft\u00eb Shqip\u00ebria!<\/p>\n<p>Fitore! Fitore!<\/p>\n","protected":false},"excerpt":{"rendered":"<p>Kryetari i PD, Sali Berisha u ka b\u00ebr\u00eb thirrje qytetar\u00ebve q\u00eb t\u00eb n\u00eb dat\u00ebn 12 mars n\u00eb or\u00ebn 10 t\u00eb mblidhen t\u00eb gjith\u00eb tek parlamenti, p\u00ebr ti dh\u00ebn\u00eb p\u00ebrgjigjen e merituar Edi Ram\u00ebs dhe band\u00ebs s\u00eb tij. Berisha tha se, 12 marsi \u00ebsht\u00eb nj\u00eb dit\u00eb e madhe! Me 12 mars t\u00eb gjith\u00eb shqiptar\u00ebt para parlamentit. &hellip;<\/p>\n","protected":false},"author":4,"featured_media":137770,"comment_status":"closed","ping_status":"closed","sticky":false,"template":"","format":"standard","meta":{"footnotes":""},"categories":[37],"tags":[],"class_list":["post-137768","post","type-post","status-publish","format-standard","has-post-thumbnail","","category-politike"],"_links":{"self":[{"href":"https:\/\/rdnews.al\/index.php\/wp-json\/wp\/v2\/posts\/137768","targetHints":{"allow":["GET"]}}],"collection":[{"href":"https:\/\/rdnews.al\/index.php\/wp-json\/wp\/v2\/posts"}],"about":[{"href":"https:\/\/rdnews.al\/index.php\/wp-json\/wp\/v2\/types\/post"}],"author":[{"embeddable":true,"href":"https:\/\/rdnews.al\/index.php\/wp-json\/wp\/v2\/users\/4"}],"replies":[{"embeddable":true,"href":"https:\/\/rdnews.al\/index.php\/wp-json\/wp\/v2\/comments?post=137768"}],"version-history":[{"count":2,"href":"https:\/\/rdnews.al\/index.php\/wp-json\/wp\/v2\/posts\/137768\/revisions"}],"predecessor-version":[{"id":137772,"href":"https:\/\/rdnews.al\/index.php\/wp-json\/wp\/v2\/posts\/137768\/revisions\/137772"}],"wp:featuredmedia":[{"embeddable":true,"href":"https:\/\/rdnews.al\/index.php\/wp-json\/wp\/v2\/media\/137770"}],"wp:attachment":[{"href":"https:\/\/rdnews.al\/index.php\/wp-json\/wp\/v2\/media?parent=137768"}],"wp:term":[{"taxonomy":"category","embeddable":true,"href":"https:\/\/rdnews.al\/index.php\/wp-json\/wp\/v2\/categories?post=137768"},{"taxonomy":"post_tag","embeddable":true,"href":"https:\/\/rdnews.al\/index.php\/wp-json\/wp\/v2\/tags?post=137768"}],"curies":[{"name":"wp","href":"https:\/\/api.w.org\/{rel}","templated":true}]}}