{"id":137773,"date":"2026-03-09T18:25:30","date_gmt":"2026-03-09T18:25:30","guid":{"rendered":"https:\/\/rdnews.al\/?p=137773"},"modified":"2026-03-09T18:25:30","modified_gmt":"2026-03-09T18:25:30","slug":"berisha-ps-do-e-perdore-ballukun-si-mburoje-per-te-mbuluar-vjedhjet-e-rames","status":"publish","type":"post","link":"https:\/\/rdnews.al\/index.php\/2026\/03\/09\/berisha-ps-do-e-perdore-ballukun-si-mburoje-per-te-mbuluar-vjedhjet-e-rames\/","title":{"rendered":"Berisha: PS do e p\u00ebrdor\u00eb Ballukun si mburoj\u00eb p\u00ebr t\u00eb mbuluar vjedhjet e Ram\u00ebs!"},"content":{"rendered":"<p>Kryetari i PD, Sali Berisha n\u00eb fjal\u00ebn e tij n\u00eb Foltoren e radh\u00ebs n\u00eb sheshin para kryeministris\u00eb tha se, PS do e p\u00ebrdor\u00eb Ballukun si mburoj\u00eb p\u00ebr t\u00eb mbrojtur krimet e Ram\u00ebs.<\/p>\n<p>Berisha tha se, sot deputet\u00ebt e Partis\u00eb s\u00eb Krimit, me n\u00eb krye kreun e organizat\u00ebs kriminale Edi Rama njoftuan at\u00eb q\u00eb e dinte \u00e7do shqiptar se ata do p\u00ebrdorin si mburoj\u00eb Lubi Ballukun p\u00ebr vjedhjet q\u00eb ka b\u00ebr\u00eb Edi Rama dhe an\u00ebtar\u00ebt e tjer\u00eb t\u00eb organizat\u00ebs.<\/p>\n<p>\u201cZhvillimet e k\u00ebtyre muajve nxor\u00ebn n\u00eb pah, para t\u00eb gjith\u00eb shqiptar\u00ebve dhe bot\u00ebs sh\u00ebmtin\u00eb m\u00eb t\u00eb madhe t\u00eb k\u00ebtij regjimi q\u00eb secili prej jush e kan\u00eb denoncuar me dhjet\u00ebra qindra dhe mij\u00ebra her\u00eb. Sot deputet\u00ebt e Partis\u00eb s\u00eb Krimit, me n\u00eb krye kreun e organizat\u00ebs kriminale Edi Rama njoftuan at\u00eb q\u00eb e dinte \u00e7do shqiptar se ata do p\u00ebrdorin si mburoj\u00eb Lubi Ballukun p\u00ebr vjedhjet q\u00eb ka b\u00ebr\u00eb Edi Rama dhe an\u00ebtar\u00ebt e tjer\u00eb t\u00eb organizat\u00ebs.<\/p>\n<p>Akti m\u00eb i r\u00ebnd\u00eb m\u00eb sfidant m\u00eb fyer p\u00ebr \u00e7do qytetar shqiptar. Kam nj\u00eb thirrje t\u00eb ve\u00e7ant\u00eb p\u00ebr \u00e7do intelektual shqiptar, t\u00eb dal\u00eb nga guacka e konformizmit t\u00eb tij. T\u00eb mos harroj\u00eb kurr\u00eb se ai investim i madh q\u00eb kan\u00eb b\u00ebr\u00eb shqiptar\u00ebt p\u00ebr shkollimin e tij, ka qen\u00eb para s\u00eb gjithash q\u00eb ai t\u00eb jet\u00eb pavar\u00ebsisht nga profesioni t\u00eb ket\u00eb nj\u00eb avokat i pamposhtur i interesave t\u00eb kombit t\u00eb tij, publikut\u201d,\u00a0tha Berisha.<\/p>\n","protected":false},"excerpt":{"rendered":"<p>Kryetari i PD, Sali Berisha n\u00eb fjal\u00ebn e tij n\u00eb Foltoren e radh\u00ebs n\u00eb sheshin para kryeministris\u00eb tha se, PS do e p\u00ebrdor\u00eb Ballukun si mburoj\u00eb p\u00ebr t\u00eb mbrojtur krimet e Ram\u00ebs. Berisha tha se, sot deputet\u00ebt e Partis\u00eb s\u00eb Krimit, me n\u00eb krye kreun e organizat\u00ebs kriminale Edi Rama njoftuan at\u00eb q\u00eb e dinte &hellip;<\/p>\n","protected":false},"author":4,"featured_media":137774,"comment_status":"closed","ping_status":"closed","sticky":false,"template":"","format":"standard","meta":{"footnotes":""},"categories":[37],"tags":[],"class_list":["post-137773","post","type-post","status-publish","format-standard","has-post-thumbnail","","category-politike"],"_links":{"self":[{"href":"https:\/\/rdnews.al\/index.php\/wp-json\/wp\/v2\/posts\/137773","targetHints":{"allow":["GET"]}}],"collection":[{"href":"https:\/\/rdnews.al\/index.php\/wp-json\/wp\/v2\/posts"}],"about":[{"href":"https:\/\/rdnews.al\/index.php\/wp-json\/wp\/v2\/types\/post"}],"author":[{"embeddable":true,"href":"https:\/\/rdnews.al\/index.php\/wp-json\/wp\/v2\/users\/4"}],"replies":[{"embeddable":true,"href":"https:\/\/rdnews.al\/index.php\/wp-json\/wp\/v2\/comments?post=137773"}],"version-history":[{"count":1,"href":"https:\/\/rdnews.al\/index.php\/wp-json\/wp\/v2\/posts\/137773\/revisions"}],"predecessor-version":[{"id":137775,"href":"https:\/\/rdnews.al\/index.php\/wp-json\/wp\/v2\/posts\/137773\/revisions\/137775"}],"wp:featuredmedia":[{"embeddable":true,"href":"https:\/\/rdnews.al\/index.php\/wp-json\/wp\/v2\/media\/137774"}],"wp:attachment":[{"href":"https:\/\/rdnews.al\/index.php\/wp-json\/wp\/v2\/media?parent=137773"}],"wp:term":[{"taxonomy":"category","embeddable":true,"href":"https:\/\/rdnews.al\/index.php\/wp-json\/wp\/v2\/categories?post=137773"},{"taxonomy":"post_tag","embeddable":true,"href":"https:\/\/rdnews.al\/index.php\/wp-json\/wp\/v2\/tags?post=137773"}],"curies":[{"name":"wp","href":"https:\/\/api.w.org\/{rel}","templated":true}]}}