{"id":137784,"date":"2026-03-09T22:47:48","date_gmt":"2026-03-09T22:47:48","guid":{"rendered":"https:\/\/rdnews.al\/?p=137784"},"modified":"2026-03-09T22:47:59","modified_gmt":"2026-03-09T22:47:59","slug":"tenderi-sekret-dhe-projekti-faraonik-6-2-milione-euro-per-hotel-luksi-ne-rezidencen-qeveritare-ne-dajt","status":"publish","type":"post","link":"https:\/\/rdnews.al\/index.php\/2026\/03\/09\/tenderi-sekret-dhe-projekti-faraonik-6-2-milione-euro-per-hotel-luksi-ne-rezidencen-qeveritare-ne-dajt\/","title":{"rendered":"Tenderi &#8220;sekret&#8221; dhe projekt faraonik\/ 6.2 milion\u00eb euro p\u00ebr hotel luksi n\u00eb rezidenc\u00ebn qeveritare n\u00eb Dajt"},"content":{"rendered":"<div class=\"xdj266r x14z9mp xat24cr x1lziwak x1vvkbs x126k92a\">\n<div dir=\"auto\">Nd\u00ebrsa Tirana mbytet nga smogu dhe zhurma e protestave, krer\u00ebt e shtetit kan\u00eb vendosur t\u00eb k\u00ebrkojn\u00eb &#8220;paqen&#8221; n\u00eb lart\u00ebsit\u00eb e Dajtit. Rezidenca qeveritare n\u00eb Parkun Komb\u00ebtar po shnd\u00ebrrohet n\u00eb nj\u00eb resort luksoz me 5 yje, ku pishinat panoramike dhe sallat e konferencave do t\u00eb paguhen me plot 6.2 milion\u00eb euro nga taksat e shqiptar\u00ebve.<\/div>\n<\/div>\n<div class=\"x14z9mp xat24cr x1lziwak x1vvkbs xtlvy1s x126k92a\">\n<div dir=\"auto\">Tenderi &#8220;Sekret&#8221; dhe Projekti Faraonik<\/div>\n<div dir=\"auto\">Drejtoria e Sh\u00ebrbimeve Qeveritare ka mbyllur procedurat p\u00ebr at\u00eb q\u00eb e quan &#8220;rivitalizim i rezidenc\u00ebs, vila Dajt&#8221;. Fitues i k\u00ebtij tenderi, q\u00eb kap vler\u00ebn e sakt\u00eb prej 619 milion\u00eb lek\u00ebsh, \u00ebsht\u00eb shpallur kompania \u201cHasto\u00e7i\u201d.<\/div>\n<\/div>\n<div class=\"x14z9mp xat24cr x1lziwak x1vvkbs xtlvy1s x126k92a\">\n<div dir=\"auto\">K\u00ebshilli Komb\u00ebtar i Territorit (KKT), i drejtuar po nga ata q\u00eb do ta frekuentojn\u00eb k\u00ebt\u00eb resort, ka zbardhur tashm\u00eb lejen e nd\u00ebrtimit. Projekti parashikon nj\u00eb nd\u00ebrhyrje rr\u00ebnj\u00ebsore n\u00eb nj\u00eb truall prej 15 mij\u00eb metra katror\u00ebsh, ku dy vilat ekzistuese do t\u00eb vishen me gur e dru, duke u kthyer n\u00eb oaze relaksi p\u00ebr pushtetar\u00ebt.<\/div>\n<\/div>\n<div class=\"x14z9mp xat24cr x1lziwak x1vvkbs xtlvy1s x126k92a\">\n<div dir=\"auto\">Pishin\u00eb mbi Smogun e Tiran\u00ebs<\/div>\n<div dir=\"auto\">Sipas dokumenteve t\u00eb hulumtuara, rivitalizimi p\u00ebrfshin:<\/div>\n<\/div>\n<div class=\"x14z9mp xat24cr x1lziwak x1vvkbs xtlvy1s x126k92a\">\n<div dir=\"auto\">&#8211; Rikonstruksionin e Vil\u00ebs 1 (450 m\u00b2) dhe Vil\u00ebs 2 (672 m\u00b2).<\/div>\n<div dir=\"auto\">&#8211; Nd\u00ebrtimin e nj\u00eb pishine panoramike q\u00eb ofron pamje mbi kryeqytetin.<\/div>\n<div dir=\"auto\">&#8211; Nj\u00eb sall\u00eb t\u00eb re konferencash p\u00ebr takime &#8220;strategjike&#8221;.<\/div>\n<div dir=\"auto\">&#8211; Veranda dhe ambiente \u00e7lodh\u00ebse q\u00eb i ngjasojn\u00eb m\u00eb shum\u00eb nj\u00eb hoteli luksoz sesa nj\u00eb godine sh\u00ebrbimi shtet\u00ebror.<\/div>\n<\/div>\n<div class=\"x14z9mp xat24cr x1lziwak x1vvkbs xtlvy1s x126k92a\">\n<div dir=\"auto\">N\u00eb momentin q\u00eb zyrtar\u00ebt e lart\u00eb do t\u00eb shijojn\u00eb pishin\u00ebn n\u00eb freskin\u00eb e malit, panorama e tyre do t\u00eb jet\u00eb smogu i dendur i Tiran\u00ebs q\u00eb kan\u00eb nd\u00ebrtuar vet\u00eb, ose n\u00eb rastet e mbr\u00ebmjeve t\u00eb nxehta politike, dritat e molotov\u00ebve nga protestat e opozit\u00ebs n\u00eb bulevard.<\/div>\n<\/div>\n<div class=\"x14z9mp xat24cr x1lziwak x1vvkbs xtlvy1s x126k92a\">\n<div dir=\"auto\">Nj\u00eb Stil &#8220;Enverist&#8221; n\u00eb Mandatin e Kat\u00ebrt<\/div>\n<div dir=\"auto\">Duket se qeveritar\u00ebt po &#8220;kopjojn\u00eb&#8221; me p\u00ebrpikm\u00ebri stilin e diktatorit Enver Hoxha, i cili njihej p\u00ebr rrjetin e tij t\u00eb rezidencave luksoze nga veriu n\u00eb jug. Nga Tirana n\u00eb Pogradec, e nga Vlora n\u00eb Dh\u00ebrmi, oreksi p\u00ebr rezidenca qeveritare po rritet paralelisht me varf\u00ebrin\u00eb e qytetar\u00ebve.<\/div>\n<\/div>\n<div class=\"x14z9mp xat24cr x1lziwak x1vvkbs xtlvy1s x126k92a\">\n<div dir=\"auto\">Pyetja q\u00eb lind natyrsh\u00ebm \u00ebsht\u00eb: A kan\u00eb punuar kaq fort k\u00ebta shtetar\u00eb sa ta ndjejn\u00eb kaq shum\u00eb nevoj\u00ebn p\u00ebr k\u00ebt\u00eb relaks prej 6 milion\u00eb eurosh? Nd\u00ebrsa Parku i Dajtit &#8220;rivitalizohet&#8221; p\u00ebr pak duar njer\u00ebzish, publiku mbetet t\u00eb shoh\u00eb nga larg se si parat\u00eb e buxhetit kthehen n\u00eb gur, dru dhe uj\u00eb pishine p\u00ebr luksin e radh\u00ebs.<\/div>\n<\/div>\n","protected":false},"excerpt":{"rendered":"<p>Nd\u00ebrsa Tirana mbytet nga smogu dhe zhurma e protestave, krer\u00ebt e shtetit kan\u00eb vendosur t\u00eb k\u00ebrkojn\u00eb &#8220;paqen&#8221; n\u00eb lart\u00ebsit\u00eb e Dajtit. Rezidenca qeveritare n\u00eb Parkun Komb\u00ebtar po shnd\u00ebrrohet n\u00eb nj\u00eb resort luksoz me 5 yje, ku pishinat panoramike dhe sallat e konferencave do t\u00eb paguhen me plot 6.2 milion\u00eb euro nga taksat e shqiptar\u00ebve. Tenderi &hellip;<\/p>\n","protected":false},"author":3,"featured_media":137785,"comment_status":"closed","ping_status":"closed","sticky":false,"template":"","format":"standard","meta":{"footnotes":""},"categories":[37],"tags":[],"class_list":["post-137784","post","type-post","status-publish","format-standard","has-post-thumbnail","","category-politike"],"_links":{"self":[{"href":"https:\/\/rdnews.al\/index.php\/wp-json\/wp\/v2\/posts\/137784","targetHints":{"allow":["GET"]}}],"collection":[{"href":"https:\/\/rdnews.al\/index.php\/wp-json\/wp\/v2\/posts"}],"about":[{"href":"https:\/\/rdnews.al\/index.php\/wp-json\/wp\/v2\/types\/post"}],"author":[{"embeddable":true,"href":"https:\/\/rdnews.al\/index.php\/wp-json\/wp\/v2\/users\/3"}],"replies":[{"embeddable":true,"href":"https:\/\/rdnews.al\/index.php\/wp-json\/wp\/v2\/comments?post=137784"}],"version-history":[{"count":2,"href":"https:\/\/rdnews.al\/index.php\/wp-json\/wp\/v2\/posts\/137784\/revisions"}],"predecessor-version":[{"id":137787,"href":"https:\/\/rdnews.al\/index.php\/wp-json\/wp\/v2\/posts\/137784\/revisions\/137787"}],"wp:featuredmedia":[{"embeddable":true,"href":"https:\/\/rdnews.al\/index.php\/wp-json\/wp\/v2\/media\/137785"}],"wp:attachment":[{"href":"https:\/\/rdnews.al\/index.php\/wp-json\/wp\/v2\/media?parent=137784"}],"wp:term":[{"taxonomy":"category","embeddable":true,"href":"https:\/\/rdnews.al\/index.php\/wp-json\/wp\/v2\/categories?post=137784"},{"taxonomy":"post_tag","embeddable":true,"href":"https:\/\/rdnews.al\/index.php\/wp-json\/wp\/v2\/tags?post=137784"}],"curies":[{"name":"wp","href":"https:\/\/api.w.org\/{rel}","templated":true}]}}