{"id":137790,"date":"2026-03-10T09:24:04","date_gmt":"2026-03-10T09:24:04","guid":{"rendered":"https:\/\/rdnews.al\/?p=137790"},"modified":"2026-03-10T09:44:57","modified_gmt":"2026-03-10T09:44:57","slug":"vokshi-rama-urdheroi-socialistet-te-kycin-gojen-por-smund-ta-mbylle-zerin-e-qytetareve","status":"publish","type":"post","link":"https:\/\/rdnews.al\/index.php\/2026\/03\/10\/vokshi-rama-urdheroi-socialistet-te-kycin-gojen-por-smund-ta-mbylle-zerin-e-qytetareve\/","title":{"rendered":"Vokshi: Rama urdh\u00ebroi socialist\u00ebt t\u00eb ky\u00e7in goj\u00ebn, por s\u2019mund ta mbyll\u00eb z\u00ebrin e qytetar\u00ebve!"},"content":{"rendered":"<p>Edi Rama n\u00eb mbledhjen e grupit parlamentar socialist, pasi mbrojti Ballukun dhe lajm\u00ebroi se PS nuk pranon k\u00ebrkes\u00ebn p\u00ebr heqjen e imunitetit, u shpreh se deputet\u00ebt duhet t\u00eb heshtin.<\/p>\n<p>Deputetja e PD, Albana Vokshi ka reaguar n\u00eb rrjetet sociale duke th\u00ebn\u00eb se, Rama mbylli goj\u00ebt e t\u00eb tijve, por z\u00ebrin e qytetar\u00ebve nuk mund ta mbyll\u00eb dot.<\/p>\n<p>Sipas saj, ata do reagojn\u00eb dhe protestojn\u00eb fuqish\u00ebm, p\u00ebr t\u2019i dh\u00ebn\u00eb fund realitetit q\u00eb Rama po p\u00ebrpiqet t\u00eb fsheh\u00eb.<\/p>\n<p>\u201cNj\u00eb simbolik\u00eb e qart\u00eb: goj\u00ebt mbyllen.<\/p>\n<p>Mbyllet fjala n\u00eb grup, mbyllet debati, mbyllet e v\u00ebrteta p\u00ebr median dhe p\u00ebr realitetin q\u00eb jetojn\u00eb shqiptar\u00ebt \u00e7do dit\u00eb.<\/p>\n<p>Por ka nj\u00eb gj\u00eb q\u00eb nuk mund ta mbyll\u00eb askush: z\u00ebrin e qytetar\u00ebve.<\/p>\n<p>Sepse n\u00eb fund, vet\u00ebm qytetar\u00ebt kan\u00eb fuqin\u00eb t\u00eb reagojn\u00eb dhe vet\u00ebm ata mund t\u2019i japin fund nj\u00eb realiteti q\u00eb p\u00ebrpiqen ta fshehin\u201d, shkruan Vokshi.<\/p>\n","protected":false},"excerpt":{"rendered":"<p>Edi Rama n\u00eb mbledhjen e grupit parlamentar socialist, pasi mbrojti Ballukun dhe lajm\u00ebroi se PS nuk pranon k\u00ebrkes\u00ebn p\u00ebr heqjen e imunitetit, u shpreh se deputet\u00ebt duhet t\u00eb heshtin. Deputetja e PD, Albana Vokshi ka reaguar n\u00eb rrjetet sociale duke th\u00ebn\u00eb se, Rama mbylli goj\u00ebt e t\u00eb tijve, por z\u00ebrin e qytetar\u00ebve nuk mund ta &hellip;<\/p>\n","protected":false},"author":4,"featured_media":137796,"comment_status":"closed","ping_status":"closed","sticky":false,"template":"","format":"standard","meta":{"footnotes":""},"categories":[37],"tags":[],"class_list":["post-137790","post","type-post","status-publish","format-standard","has-post-thumbnail","","category-politike"],"_links":{"self":[{"href":"https:\/\/rdnews.al\/index.php\/wp-json\/wp\/v2\/posts\/137790","targetHints":{"allow":["GET"]}}],"collection":[{"href":"https:\/\/rdnews.al\/index.php\/wp-json\/wp\/v2\/posts"}],"about":[{"href":"https:\/\/rdnews.al\/index.php\/wp-json\/wp\/v2\/types\/post"}],"author":[{"embeddable":true,"href":"https:\/\/rdnews.al\/index.php\/wp-json\/wp\/v2\/users\/4"}],"replies":[{"embeddable":true,"href":"https:\/\/rdnews.al\/index.php\/wp-json\/wp\/v2\/comments?post=137790"}],"version-history":[{"count":1,"href":"https:\/\/rdnews.al\/index.php\/wp-json\/wp\/v2\/posts\/137790\/revisions"}],"predecessor-version":[{"id":137792,"href":"https:\/\/rdnews.al\/index.php\/wp-json\/wp\/v2\/posts\/137790\/revisions\/137792"}],"wp:featuredmedia":[{"embeddable":true,"href":"https:\/\/rdnews.al\/index.php\/wp-json\/wp\/v2\/media\/137796"}],"wp:attachment":[{"href":"https:\/\/rdnews.al\/index.php\/wp-json\/wp\/v2\/media?parent=137790"}],"wp:term":[{"taxonomy":"category","embeddable":true,"href":"https:\/\/rdnews.al\/index.php\/wp-json\/wp\/v2\/categories?post=137790"},{"taxonomy":"post_tag","embeddable":true,"href":"https:\/\/rdnews.al\/index.php\/wp-json\/wp\/v2\/tags?post=137790"}],"curies":[{"name":"wp","href":"https:\/\/api.w.org\/{rel}","templated":true}]}}