{"id":137797,"date":"2026-03-10T09:52:48","date_gmt":"2026-03-10T09:52:48","guid":{"rendered":"https:\/\/rdnews.al\/?p=137797"},"modified":"2026-03-10T09:52:48","modified_gmt":"2026-03-10T09:52:48","slug":"drejtesia-u-varros-nga-rama-nderkombetare-ne-cvrime-jeni-futur-pse-nuk-flisni","status":"publish","type":"post","link":"https:\/\/rdnews.al\/index.php\/2026\/03\/10\/drejtesia-u-varros-nga-rama-nderkombetare-ne-cvrime-jeni-futur-pse-nuk-flisni\/","title":{"rendered":"Drejt\u00ebsia u varros nga Rama! Nd\u00ebrkomb\u00ebtar\u00eb, n\u00eb \u00e7\u2019vrim\u00eb jeni futur, pse nuk flisni?"},"content":{"rendered":"<p><strong>Nga Petrit VASILI<\/strong><\/p>\n<p>Sot, Edi Rama e varrosi Reform\u00ebn n\u00eb Drejt\u00ebsi dhe deklaroi hapur se ka instaluar nj\u00eb drejt\u00ebsi t\u00eb komanduar, t\u00eb zaptuar nga ai dhe partia e tij p\u00ebrmes deputet\u00ebve n\u00eb Parlament.<\/p>\n<p>Ju, nd\u00ebrkomb\u00ebtar\u00eb, u b\u00ebt\u00eb protagonist\u00eb n\u00eb miratimin e Reform\u00ebs me \u00e7do kusht. K\u00ebrc\u00ebnuat deputet\u00ebt edhe me mesazhe personale p\u00ebr t\u00eb votuar Reform\u00ebn. P\u00ebrmes surrateve emblematike t\u00eb ambasadoreve Vllahutin dhe Lu u b\u00ebt\u00eb pjes\u00eb e pazareve p\u00ebr votimin, edhe me vota t\u00eb blera.<\/p>\n<p>Akuzuat opozit\u00ebn dhe lider\u00ebt Berisha e Meta si gjoja pengues t\u00eb Reform\u00ebs. K\u00ebrkuat dhe u fut\u00ebt n\u00eb Kushtetut\u00eb p\u00ebrmes Operacionit Nd\u00ebrkomb\u00ebtar t\u00eb Monitorimit, si gjoja garanci p\u00ebr zbatimin e Reform\u00ebs.<\/p>\n<p>L\u00ebshuat kilometra t\u00eb tera deklaratash t\u00eb nj\u00ebpasnj\u00ebshme p\u00ebr t\u00eb siguruar votimin e Reform\u00ebs me \u00e7do kusht. Ju, q\u00eb nga Komisioneri Hahn, Z\u00ebvend\u00ebs-Sekretarja e Shtetit Nuland, Asistenti i Sekretarit Hoyt Brian Yee, dhe nj\u00eb lum\u00eb t\u00eb tjer\u00eb nd\u00ebrkomb\u00ebtar\u00ebsh, prodhuat tonelata deklaratash dhe k\u00ebrc\u00ebnimesh p\u00ebr t\u00eb detyruar miratimin.<\/p>\n<p>Shpenzuat qindra miliona euro dhe dollar\u00eb nga taksat e qytetar\u00ebve tuaj, p\u00ebr t\u00eb mb\u00ebshtetur nj\u00eb Reform\u00eb q\u00eb sot Rama e varros publikisht dhe ligj\u00ebrisht n\u00eb Kuvend.<\/p>\n<p>Nderkomb\u00ebtar\u00eb, ku jeni tani? N\u00eb \u00e7far\u00eb vrime jeni strukur? Kush ju mbylli goj\u00ebn? Me \u00e7far\u00eb zarfi, qese apo thesi u mbyll goja?<\/p>\n<p>Ja si \u2018putheshin\u2019 Lu dhe Vlahutin nga \u2018g\u00ebzimi\u2019 i votimit t\u00eb Reform\u00ebs-por kjo n\u00eb t\u00eb v\u00ebrtet\u00eb rezultoi puthja e vdekjes s\u00eb saj.<\/p>\n<p><img decoding=\"async\" src=\"https:\/\/www.syri.net\/uploads\/syri.net\/images\/2026\/March\/09\/auto_648431953_1485107356306850_7858673059760798626_n1773087117.jpg\" alt=\"Nd\u00ebrkomb\u00ebtar\u00eb, n\u00eb \u00e7\u2019vrim\u00eb jeni futur, pse nuk flisni? Drejt\u00ebsia u varros nga Rama!\" \/><\/p>\n","protected":false},"excerpt":{"rendered":"<p>Nga Petrit VASILI Sot, Edi Rama e varrosi Reform\u00ebn n\u00eb Drejt\u00ebsi dhe deklaroi hapur se ka instaluar nj\u00eb drejt\u00ebsi t\u00eb komanduar, t\u00eb zaptuar nga ai dhe partia e tij p\u00ebrmes deputet\u00ebve n\u00eb Parlament. Ju, nd\u00ebrkomb\u00ebtar\u00eb, u b\u00ebt\u00eb protagonist\u00eb n\u00eb miratimin e Reform\u00ebs me \u00e7do kusht. K\u00ebrc\u00ebnuat deputet\u00ebt edhe me mesazhe personale p\u00ebr t\u00eb votuar Reform\u00ebn. &hellip;<\/p>\n","protected":false},"author":4,"featured_media":136983,"comment_status":"closed","ping_status":"closed","sticky":false,"template":"","format":"standard","meta":{"footnotes":""},"categories":[44],"tags":[],"class_list":["post-137797","post","type-post","status-publish","format-standard","has-post-thumbnail","","category-editorial"],"_links":{"self":[{"href":"https:\/\/rdnews.al\/index.php\/wp-json\/wp\/v2\/posts\/137797","targetHints":{"allow":["GET"]}}],"collection":[{"href":"https:\/\/rdnews.al\/index.php\/wp-json\/wp\/v2\/posts"}],"about":[{"href":"https:\/\/rdnews.al\/index.php\/wp-json\/wp\/v2\/types\/post"}],"author":[{"embeddable":true,"href":"https:\/\/rdnews.al\/index.php\/wp-json\/wp\/v2\/users\/4"}],"replies":[{"embeddable":true,"href":"https:\/\/rdnews.al\/index.php\/wp-json\/wp\/v2\/comments?post=137797"}],"version-history":[{"count":1,"href":"https:\/\/rdnews.al\/index.php\/wp-json\/wp\/v2\/posts\/137797\/revisions"}],"predecessor-version":[{"id":137798,"href":"https:\/\/rdnews.al\/index.php\/wp-json\/wp\/v2\/posts\/137797\/revisions\/137798"}],"wp:featuredmedia":[{"embeddable":true,"href":"https:\/\/rdnews.al\/index.php\/wp-json\/wp\/v2\/media\/136983"}],"wp:attachment":[{"href":"https:\/\/rdnews.al\/index.php\/wp-json\/wp\/v2\/media?parent=137797"}],"wp:term":[{"taxonomy":"category","embeddable":true,"href":"https:\/\/rdnews.al\/index.php\/wp-json\/wp\/v2\/categories?post=137797"},{"taxonomy":"post_tag","embeddable":true,"href":"https:\/\/rdnews.al\/index.php\/wp-json\/wp\/v2\/tags?post=137797"}],"curies":[{"name":"wp","href":"https:\/\/api.w.org\/{rel}","templated":true}]}}