{"id":137808,"date":"2026-03-10T11:13:44","date_gmt":"2026-03-10T11:13:44","guid":{"rendered":"https:\/\/rdnews.al\/?p=137808"},"modified":"2026-03-10T11:13:44","modified_gmt":"2026-03-10T11:13:44","slug":"skandali-i-rames-me-gjykaten-e-larte-gati-vendimi-per-te-liruar-te-gjithe-te-burgosurit-e-lidhur-me-ramen","status":"publish","type":"post","link":"https:\/\/rdnews.al\/index.php\/2026\/03\/10\/skandali-i-rames-me-gjykaten-e-larte-gati-vendimi-per-te-liruar-te-gjithe-te-burgosurit-e-lidhur-me-ramen\/","title":{"rendered":"Skandali i Ram\u00ebs me Gjykat\u00ebn e Lart\u00eb\/ Gati vendimi p\u00ebr t\u00eb liruar t\u00eb gjith\u00eb t\u00eb burgosurit e lidhur me Ram\u00ebn"},"content":{"rendered":"<p>Kryetari i Gjykat\u00ebs s\u00eb Lart\u00eb ka nisur procedur\u00ebn p\u00ebr ndryshimin e pjessh\u00ebm t\u00eb praktik\u00ebs s\u00eb nj\u00ebsuar t\u00eb Kolegjeve t\u00eb Bashkuara, lidhur me vendimin unifikues mbi masat e sigurimit personal.<\/p>\n<p>Kreu i Grupit Parlamentar t\u00eb PD Gazment Bardhi u shpreh se nj\u00eb l\u00ebvizje e till\u00eb \u00ebsht\u00eb e motivuar politikisht dhe po b\u00ebhet me q\u00ebllim q\u00eb t\u00eb lirohen nga qelia persona t\u00eb arrestuar p\u00ebr korrupsion, q\u00eb ndodhen pran\u00eb kryeministrit Edi Rama.<\/p>\n<p>\u201cPu\u00e7 kushtetues p\u00ebr ndryshimin e standardit p\u00ebr arrestin me burg, \u00ebsht\u00eb interes politik i Ram\u00ebs. Q\u00ebllimi \u00ebsht\u00eb lirimi i personave t\u00eb korrupsionit dhe krimit t\u00eb organizuar q\u00eb ndodhen n\u00eb burg.<br \/>\nDje u fut n\u00eb procedur\u00eb rishqyrtimi, q\u00eb do t\u00eb ndodh\u00eb n\u00eb 9 prill nj\u00eb vendim unifikues i GJL q\u00eb unifikon standardet<br \/>\nL\u00ebvizje e diktuar politikisht p\u00ebr t\u2019i hapur pun\u00eb minimit t\u00eb pun\u00ebs s\u00eb SPAK dhe nxjerrjes nga burgu t\u00eb korruptuarve t\u00eb Ram\u00ebs q\u00eb ndodhet n\u00eb burg. Qendroni n\u00eb lart\u00ebsin\u00eb e detyr\u00ebs dhe mos u p\u00ebrdorni politikisht\u201d, tha ai.<\/p>\n","protected":false},"excerpt":{"rendered":"<p>Kryetari i Gjykat\u00ebs s\u00eb Lart\u00eb ka nisur procedur\u00ebn p\u00ebr ndryshimin e pjessh\u00ebm t\u00eb praktik\u00ebs s\u00eb nj\u00ebsuar t\u00eb Kolegjeve t\u00eb Bashkuara, lidhur me vendimin unifikues mbi masat e sigurimit personal. Kreu i Grupit Parlamentar t\u00eb PD Gazment Bardhi u shpreh se nj\u00eb l\u00ebvizje e till\u00eb \u00ebsht\u00eb e motivuar politikisht dhe po b\u00ebhet me q\u00ebllim q\u00eb t\u00eb &hellip;<\/p>\n","protected":false},"author":3,"featured_media":137810,"comment_status":"closed","ping_status":"closed","sticky":false,"template":"","format":"standard","meta":{"footnotes":""},"categories":[37],"tags":[],"class_list":["post-137808","post","type-post","status-publish","format-standard","has-post-thumbnail","","category-politike"],"_links":{"self":[{"href":"https:\/\/rdnews.al\/index.php\/wp-json\/wp\/v2\/posts\/137808","targetHints":{"allow":["GET"]}}],"collection":[{"href":"https:\/\/rdnews.al\/index.php\/wp-json\/wp\/v2\/posts"}],"about":[{"href":"https:\/\/rdnews.al\/index.php\/wp-json\/wp\/v2\/types\/post"}],"author":[{"embeddable":true,"href":"https:\/\/rdnews.al\/index.php\/wp-json\/wp\/v2\/users\/3"}],"replies":[{"embeddable":true,"href":"https:\/\/rdnews.al\/index.php\/wp-json\/wp\/v2\/comments?post=137808"}],"version-history":[{"count":1,"href":"https:\/\/rdnews.al\/index.php\/wp-json\/wp\/v2\/posts\/137808\/revisions"}],"predecessor-version":[{"id":137811,"href":"https:\/\/rdnews.al\/index.php\/wp-json\/wp\/v2\/posts\/137808\/revisions\/137811"}],"wp:featuredmedia":[{"embeddable":true,"href":"https:\/\/rdnews.al\/index.php\/wp-json\/wp\/v2\/media\/137810"}],"wp:attachment":[{"href":"https:\/\/rdnews.al\/index.php\/wp-json\/wp\/v2\/media?parent=137808"}],"wp:term":[{"taxonomy":"category","embeddable":true,"href":"https:\/\/rdnews.al\/index.php\/wp-json\/wp\/v2\/categories?post=137808"},{"taxonomy":"post_tag","embeddable":true,"href":"https:\/\/rdnews.al\/index.php\/wp-json\/wp\/v2\/tags?post=137808"}],"curies":[{"name":"wp","href":"https:\/\/api.w.org\/{rel}","templated":true}]}}