{"id":137903,"date":"2026-03-11T17:49:22","date_gmt":"2026-03-11T17:49:22","guid":{"rendered":"https:\/\/rdnews.al\/?p=137903"},"modified":"2026-03-11T22:24:38","modified_gmt":"2026-03-11T22:24:38","slug":"rama-e-zhduk-spiropalin-edhe-nga-komisioni-i-jashtem-parlamentar","status":"publish","type":"post","link":"https:\/\/rdnews.al\/index.php\/2026\/03\/11\/rama-e-zhduk-spiropalin-edhe-nga-komisioni-i-jashtem-parlamentar\/","title":{"rendered":"Lufta n\u00eb PS\/ Rama e zhduk Spiropalin edhe nga Komisioni i Jasht\u00ebm parlamentar"},"content":{"rendered":"<p>Ish-ministrja e Jashtme, Elisa Spiropali duket se nuk do t\u00eb ket\u00eb m\u00eb asnj\u00eb lidhje me misionin diplomatik n\u00eb Shqip\u00ebri.<\/p>\n<p>Sipas burimeve p\u00ebr mediat, gjat\u00eb seanc\u00ebs q\u00eb do t\u00eb mbahet dit\u00ebn e nes\u00ebrme do t\u00eb ket\u00eb ndryshime t\u00eb an\u00ebtar\u00ebve t\u00eb disa komisioneve, ku m\u00ebsohet se ish-ministrja e Jashtme Elisa Spiropali do t\u00eb em\u00ebrohet n\u00eb Komisionin e Siguris\u00eb.<\/p>\n<p>Gjithashtu pritet q\u00eb Pirro V\u00ebngu t\u00eb em\u00ebrohet te Komisioni p\u00ebr Burimet Natyrore, Infrastruktur\u00ebn dhe Zhvillimin e Q\u00ebndruesh\u00ebm, nj\u00eb tjet\u00ebr k\u00ebrcitje si l\u00ebvizje, pasi si ish-minist\u00ebr i Mbrojtjes, kontributi i tij mund t\u00eb ishte m\u00eb i nevojsh\u00ebm te Komisioni i Siguris\u00eb.<\/p>\n<p>Elisa Spiropali u shkarkua si ministre p\u00ebr Europ\u00ebn dhe Pun\u00ebt e Jashtme dhe n\u00eb vend t\u00eb saj u em\u00ebrua Ferit Hoxha.<\/p>\n<p>Po ashtu Pirro V\u00ebngu u shkarkua si Minist\u00ebr i Mbrojtjes dhe vendin e tij e zuri Ermal Nufi.\/A2CNN\/<\/p>\n","protected":false},"excerpt":{"rendered":"<p>Ish-ministrja e Jashtme, Elisa Spiropali duket se nuk do t\u00eb ket\u00eb m\u00eb asnj\u00eb lidhje me misionin diplomatik n\u00eb Shqip\u00ebri. Sipas burimeve p\u00ebr mediat, gjat\u00eb seanc\u00ebs q\u00eb do t\u00eb mbahet dit\u00ebn e nes\u00ebrme do t\u00eb ket\u00eb ndryshime t\u00eb an\u00ebtar\u00ebve t\u00eb disa komisioneve, ku m\u00ebsohet se ish-ministrja e Jashtme Elisa Spiropali do t\u00eb em\u00ebrohet n\u00eb Komisionin e &hellip;<\/p>\n","protected":false},"author":4,"featured_media":137904,"comment_status":"closed","ping_status":"closed","sticky":false,"template":"","format":"standard","meta":{"footnotes":""},"categories":[37],"tags":[],"class_list":["post-137903","post","type-post","status-publish","format-standard","has-post-thumbnail","","category-politike"],"_links":{"self":[{"href":"https:\/\/rdnews.al\/index.php\/wp-json\/wp\/v2\/posts\/137903","targetHints":{"allow":["GET"]}}],"collection":[{"href":"https:\/\/rdnews.al\/index.php\/wp-json\/wp\/v2\/posts"}],"about":[{"href":"https:\/\/rdnews.al\/index.php\/wp-json\/wp\/v2\/types\/post"}],"author":[{"embeddable":true,"href":"https:\/\/rdnews.al\/index.php\/wp-json\/wp\/v2\/users\/4"}],"replies":[{"embeddable":true,"href":"https:\/\/rdnews.al\/index.php\/wp-json\/wp\/v2\/comments?post=137903"}],"version-history":[{"count":2,"href":"https:\/\/rdnews.al\/index.php\/wp-json\/wp\/v2\/posts\/137903\/revisions"}],"predecessor-version":[{"id":137922,"href":"https:\/\/rdnews.al\/index.php\/wp-json\/wp\/v2\/posts\/137903\/revisions\/137922"}],"wp:featuredmedia":[{"embeddable":true,"href":"https:\/\/rdnews.al\/index.php\/wp-json\/wp\/v2\/media\/137904"}],"wp:attachment":[{"href":"https:\/\/rdnews.al\/index.php\/wp-json\/wp\/v2\/media?parent=137903"}],"wp:term":[{"taxonomy":"category","embeddable":true,"href":"https:\/\/rdnews.al\/index.php\/wp-json\/wp\/v2\/categories?post=137903"},{"taxonomy":"post_tag","embeddable":true,"href":"https:\/\/rdnews.al\/index.php\/wp-json\/wp\/v2\/tags?post=137903"}],"curies":[{"name":"wp","href":"https:\/\/api.w.org\/{rel}","templated":true}]}}