{"id":138002,"date":"2026-03-12T12:56:29","date_gmt":"2026-03-12T12:56:29","guid":{"rendered":"https:\/\/rdnews.al\/?p=138002"},"modified":"2026-03-12T13:04:02","modified_gmt":"2026-03-12T13:04:02","slug":"138002","status":"publish","type":"post","link":"https:\/\/rdnews.al\/index.php\/2026\/03\/12\/138002\/","title":{"rendered":"Holanda b\u00ebn p\u00ebrgjegj\u00ebs Ram\u00ebn p\u00ebr pengimin e drejt\u00ebsise p\u00ebr Ballukun\/ Ndjekje penale n\u00eb nivele t\u00eb larta"},"content":{"rendered":"<p>Ambasada e Mbret\u00ebris\u00eb s\u00eb Holand\u00ebs n\u00eb Shqip\u00ebri ka reaguar lidhur me vendimin e sot\u00ebm t\u00eb Kuvendit t\u00eb Shqip\u00ebris\u00eb, i cili rr\u00ebzoi k\u00ebrkes\u00ebn e SPAK p\u00ebr heqjen e imunitetit t\u00eb Belinda Ballukut.<\/p>\n<p>Holanda thekson se nj\u00eb nga kushtet ky\u00e7e p\u00ebr integrimin n\u00eb BE t\u00eb bazuar n\u00eb merit\u00eb \u00ebsht\u00eb ndjekja penale efektive e korrupsionit, p\u00ebrfshir\u00eb edhe rastet q\u00eb p\u00ebrfshijn\u00eb nivelet m\u00eb t\u00eb larta.<\/p>\n<p>Ambasada pret q\u00eb sistemi i drejt\u00ebsis\u00eb t\u00eb jet\u00eb n\u00eb gjendje t\u00eb veproj\u00eb me shpejt\u00ebsi dhe pa pengesa. Gjithashtu theksohet se politika shqiptare mbetet p\u00ebrgjegj\u00ebse p\u00ebr t\u00eb garantuar q\u00eb ky proces t\u00eb zhvillohet n\u00eb m\u00ebnyr\u00eb t\u00eb papenguar.<\/p>\n<p><em>\u201cLidhur me vendimin e sot\u00ebm t\u00eb Parlamentit t\u00eb Shqip\u00ebris\u00eb n\u00eb lidhje me heqjen e imunitetit, Ambasada e Mbret\u00ebris\u00eb s\u00eb Holand\u00ebs n\u00eb Shqip\u00ebri deklaron:<\/em><\/p>\n<p><em>Holanda mb\u00ebshtet integrimin e Shqip\u00ebris\u00eb n\u00eb Bashkimin Evropian, n\u00eb p\u00ebrputhje me d\u00ebshirat e popullit shqiptar. Nj\u00eb k\u00ebrkes\u00eb ky\u00e7e p\u00ebr p\u00ebrparimin n\u00eb k\u00ebt\u00eb proces t\u00eb bazuar n\u00eb merit\u00eb \u00ebsht\u00eb ndjekja efektive penale e korrupsionit, p\u00ebrfshir\u00eb edhe n\u00eb nivelet m\u00eb t\u00eb larta.<\/em><\/p>\n<p><em>Ne presim qart\u00eb q\u00eb, n\u00eb raste t\u00eb tilla, sistemi i drejt\u00ebsis\u00eb do t\u00eb jet\u00eb n\u00eb gjendje t\u00eb vazhdoj\u00eb shpejt dhe pa pengesa. Politika shqiptare mbetet p\u00ebrgjegj\u00ebse p\u00ebr sigurimin e k\u00ebtij proces<\/em>i\u201d, thuhet n\u00eb reagimin e ambasad\u00ebs.<\/p>\n<p><a href=\"https:\/\/www.panorama.com.al\/wp-content\/uploads\/2026\/03\/deklarata-ambasada-e-holandes.jpg\" target=\"_blank\" rel=\"noopener\"><img loading=\"lazy\" decoding=\"async\" class=\"alignnone size-full wp-image-1632434\" src=\"https:\/\/www.panorama.com.al\/wp-content\/uploads\/2026\/03\/deklarata-ambasada-e-holandes.jpg\" alt=\"deklarata ambasada e holandes\" width=\"1080\" height=\"1080\" data-pin-no-hover=\"true\" \/><\/a><\/p>\n","protected":false},"excerpt":{"rendered":"<p>Ambasada e Mbret\u00ebris\u00eb s\u00eb Holand\u00ebs n\u00eb Shqip\u00ebri ka reaguar lidhur me vendimin e sot\u00ebm t\u00eb Kuvendit t\u00eb Shqip\u00ebris\u00eb, i cili rr\u00ebzoi k\u00ebrkes\u00ebn e SPAK p\u00ebr heqjen e imunitetit t\u00eb Belinda Ballukut. Holanda thekson se nj\u00eb nga kushtet ky\u00e7e p\u00ebr integrimin n\u00eb BE t\u00eb bazuar n\u00eb merit\u00eb \u00ebsht\u00eb ndjekja penale efektive e korrupsionit, p\u00ebrfshir\u00eb edhe rastet &hellip;<\/p>\n","protected":false},"author":4,"featured_media":128232,"comment_status":"closed","ping_status":"closed","sticky":false,"template":"","format":"standard","meta":{"footnotes":""},"categories":[37],"tags":[],"class_list":["post-138002","post","type-post","status-publish","format-standard","has-post-thumbnail","","category-politike"],"_links":{"self":[{"href":"https:\/\/rdnews.al\/index.php\/wp-json\/wp\/v2\/posts\/138002","targetHints":{"allow":["GET"]}}],"collection":[{"href":"https:\/\/rdnews.al\/index.php\/wp-json\/wp\/v2\/posts"}],"about":[{"href":"https:\/\/rdnews.al\/index.php\/wp-json\/wp\/v2\/types\/post"}],"author":[{"embeddable":true,"href":"https:\/\/rdnews.al\/index.php\/wp-json\/wp\/v2\/users\/4"}],"replies":[{"embeddable":true,"href":"https:\/\/rdnews.al\/index.php\/wp-json\/wp\/v2\/comments?post=138002"}],"version-history":[{"count":5,"href":"https:\/\/rdnews.al\/index.php\/wp-json\/wp\/v2\/posts\/138002\/revisions"}],"predecessor-version":[{"id":138007,"href":"https:\/\/rdnews.al\/index.php\/wp-json\/wp\/v2\/posts\/138002\/revisions\/138007"}],"wp:featuredmedia":[{"embeddable":true,"href":"https:\/\/rdnews.al\/index.php\/wp-json\/wp\/v2\/media\/128232"}],"wp:attachment":[{"href":"https:\/\/rdnews.al\/index.php\/wp-json\/wp\/v2\/media?parent=138002"}],"wp:term":[{"taxonomy":"category","embeddable":true,"href":"https:\/\/rdnews.al\/index.php\/wp-json\/wp\/v2\/categories?post=138002"},{"taxonomy":"post_tag","embeddable":true,"href":"https:\/\/rdnews.al\/index.php\/wp-json\/wp\/v2\/tags?post=138002"}],"curies":[{"name":"wp","href":"https:\/\/api.w.org\/{rel}","templated":true}]}}