{"id":138143,"date":"2026-03-14T22:16:29","date_gmt":"2026-03-14T22:16:29","guid":{"rendered":"https:\/\/rdnews.al\/?p=138143"},"modified":"2026-03-14T22:16:29","modified_gmt":"2026-03-14T22:16:29","slug":"i-cmenduri-la-konferencen-dhe-gjemonte-korridoreve-gazetaren-e-re-deshmia","status":"publish","type":"post","link":"https:\/\/rdnews.al\/index.php\/2026\/03\/14\/i-cmenduri-la-konferencen-dhe-gjemonte-korridoreve-gazetaren-e-re-deshmia\/","title":{"rendered":"I &#8220;\u00e7menduri&#8221; la konferenc\u00ebn dhe gj\u00ebmonte korridoreve gazetaren e re\/ D\u00ebshmia&#8230;"},"content":{"rendered":"<p>N\u00eb intervist\u00ebn e dh\u00ebn\u00eb p\u00ebr Syri Tv, pas p\u00ebrplasjes verbale me Kryeministrin, gazetarja e Syri Tv, Ambrozia Meta ka treguar m\u00eb shum\u00eb detaje rreth asaj se \u00e7far\u00eb ndodhi n\u00eb godin\u00ebn e qeveris\u00eb, pasi Rama nd\u00ebrpreu p\u00ebr disa minuta konferenc\u00ebn.<\/p>\n<p>Gazetarja Meta ka treguar t\u00eb tjera detaje, pas fikjes s\u00eb kamerave gjat\u00eb konferenc\u00ebs dhe se si Rama i zuri \u2018prit\u00eb\u2019 n\u00eb korridor p\u00ebr ta shpallur \u2018non grata\u2019 n\u00eb aktivitetet politike t\u00eb tij.<\/p>\n<p><em>\u00a0\u201cN\u00eb momentin q\u00eb ka nd\u00ebrprer\u00eb konferenc\u00ebn, ka dal\u00eb dhe m\u00eb ka th\u00ebn\u00eb q\u00eb duhet t\u00eb dal\u00ebsh jasht\u00eb nga konferenca. N\u00eb momentin q\u00eb un\u00eb kam shkuar p\u00ebr t\u00eb dal\u00eb jasht\u00eb, p\u00ebr t\u00eb mos e agravuar m\u00eb shum\u00eb situat\u00ebn, ka qen\u00eb nj\u00eb punonj\u00ebs i gard\u00ebs q\u00eb nuk donte t\u00eb m\u00eb lejonte t\u00eb dilja, sepse n\u00eb ato momente Rama ishte duke kaluar n\u00eb korridor. Dhe un\u00eb i kam k\u00ebrkuar ta hap der\u00ebn sepse p\u00ebr sa koh\u00eb q\u00eb m\u00eb k\u00ebrkoi daljen nga konferenca, un\u00eb doja t\u00eb largohesha. Dhe n\u00eb k\u00ebto momente ne jemi p\u00ebrball\u00eb s\u00ebrish n\u00eb korridor, ku kryeministri m\u00eb ka th\u00ebn\u00eb q\u00eb je e p\u00ebrjashtuar p\u00ebrgjithmon\u00eb nga konferencat. Pra m\u00eb ka nxjerr\u00eb jasht\u00eb. Pra kam marr\u00eb karton t\u00eb kuq n\u00eb kryeministri, nuk mund t\u00eb hyj m\u00eb n\u00eb konferencat e tij. Nuk \u00ebsht\u00eb hera e par\u00eb n\u00eb fakt q\u00eb kryeministri b\u00ebn k\u00ebt\u00eb gj\u00eb\u2026.\u201d\u00a0<\/em>tregoi Meta.<\/p>\n<p>Por dy koleg\u00ebve t\u00eb saj, duke par\u00eb situat\u00ebn e acaruar dhe kur kan\u00eb kuptuar se Rama po e priste n\u00eb korridor jan\u00eb ngritur ta shoq\u00ebrojn\u00eb jasht\u00eb, me frik\u00ebn se situata mund t\u00eb degradonte m\u00eb tej.<\/p>\n<p><em>\u201cEdhe situata q\u00eb u krijua ishte shum\u00eb e acaruar sidomos momentin kur u mbyll\u00ebn kamerat, sepse n\u00eb momentin kur kemi qen\u00eb n\u00eb korridor, b\u00ebrtiste me t\u00eb madhe q\u00eb \u201cJe e p\u00ebrjashtuar\u201d, \u201cNuk do t\u00eb vish me n\u00eb konferenc\u00eb\u201d. Kam p\u00ebrshtypjen \u00ebsht\u00eb i gjith\u00eb tensioni i akumuluar nga \u00e7\u00ebshtja \u201cBalluku\u201d ,q\u00eb e ka v\u00ebn\u00eb n\u00eb nj\u00eb kurs p\u00ebrplasje t\u00eb drejtp\u00ebrdrejt\u00eb me ambasadat\u201d\u00a0<\/em>ka treguar Ambrozia Meta.<\/p>\n","protected":false},"excerpt":{"rendered":"<p>N\u00eb intervist\u00ebn e dh\u00ebn\u00eb p\u00ebr Syri Tv, pas p\u00ebrplasjes verbale me Kryeministrin, gazetarja e Syri Tv, Ambrozia Meta ka treguar m\u00eb shum\u00eb detaje rreth asaj se \u00e7far\u00eb ndodhi n\u00eb godin\u00ebn e qeveris\u00eb, pasi Rama nd\u00ebrpreu p\u00ebr disa minuta konferenc\u00ebn. Gazetarja Meta ka treguar t\u00eb tjera detaje, pas fikjes s\u00eb kamerave gjat\u00eb konferenc\u00ebs dhe se si &hellip;<\/p>\n","protected":false},"author":3,"featured_media":138144,"comment_status":"closed","ping_status":"closed","sticky":false,"template":"","format":"standard","meta":{"footnotes":""},"categories":[37],"tags":[],"class_list":["post-138143","post","type-post","status-publish","format-standard","has-post-thumbnail","","category-politike"],"_links":{"self":[{"href":"https:\/\/rdnews.al\/index.php\/wp-json\/wp\/v2\/posts\/138143","targetHints":{"allow":["GET"]}}],"collection":[{"href":"https:\/\/rdnews.al\/index.php\/wp-json\/wp\/v2\/posts"}],"about":[{"href":"https:\/\/rdnews.al\/index.php\/wp-json\/wp\/v2\/types\/post"}],"author":[{"embeddable":true,"href":"https:\/\/rdnews.al\/index.php\/wp-json\/wp\/v2\/users\/3"}],"replies":[{"embeddable":true,"href":"https:\/\/rdnews.al\/index.php\/wp-json\/wp\/v2\/comments?post=138143"}],"version-history":[{"count":1,"href":"https:\/\/rdnews.al\/index.php\/wp-json\/wp\/v2\/posts\/138143\/revisions"}],"predecessor-version":[{"id":138145,"href":"https:\/\/rdnews.al\/index.php\/wp-json\/wp\/v2\/posts\/138143\/revisions\/138145"}],"wp:featuredmedia":[{"embeddable":true,"href":"https:\/\/rdnews.al\/index.php\/wp-json\/wp\/v2\/media\/138144"}],"wp:attachment":[{"href":"https:\/\/rdnews.al\/index.php\/wp-json\/wp\/v2\/media?parent=138143"}],"wp:term":[{"taxonomy":"category","embeddable":true,"href":"https:\/\/rdnews.al\/index.php\/wp-json\/wp\/v2\/categories?post=138143"},{"taxonomy":"post_tag","embeddable":true,"href":"https:\/\/rdnews.al\/index.php\/wp-json\/wp\/v2\/tags?post=138143"}],"curies":[{"name":"wp","href":"https:\/\/api.w.org\/{rel}","templated":true}]}}