{"id":138208,"date":"2026-03-16T14:15:21","date_gmt":"2026-03-16T14:15:21","guid":{"rendered":"https:\/\/rdnews.al\/?p=138208"},"modified":"2026-03-16T14:16:52","modified_gmt":"2026-03-16T14:16:52","slug":"berisha-shkurtimi-i-jetes-se-qeverise-se-edi-rames-eshte-detyrimi-me-madhor-i-opozites","status":"publish","type":"post","link":"https:\/\/rdnews.al\/index.php\/2026\/03\/16\/berisha-shkurtimi-i-jetes-se-qeverise-se-edi-rames-eshte-detyrimi-me-madhor-i-opozites\/","title":{"rendered":"Berisha: Shkurtimi i jet\u00ebs s\u00eb qeveris\u00eb s\u00eb Edi Ram\u00ebs \u00ebsht\u00eb detyrimi m\u00eb madhor i opozit\u00ebs!"},"content":{"rendered":"<p>Kryetari i PD, Sali Berisha u shpreh n\u00eb mbledhjen e grupit parlamentar se, detyra madhoshe e opozit\u00ebs \u00ebsht\u00eb shkurtimi i \u2018jet\u00ebs\u2019 s\u00eb qeveris\u00eb s\u00eb Edi Ram\u00ebs.<\/p>\n<p><strong>Berisha: <\/strong>Edhe nj\u00ebher\u00eb duhet ti rikujtojm\u00eb\u00a0 \u00e7do shqiptari q\u00eb nuk ka ndodhur t\u00eb refuzohet ndonj\u00ebher\u00eb heqja e imunitetit t\u00eb ministrave.<\/p>\n<p>Vet\u00ebm n\u00eb harkun kohor 2009-2012 u jan\u00eb hequr dy ministrave dhe zv\/kryeministrit imuniteti. I kan\u00eb dor\u00ebzuar vet\u00eb, nuk ka pasur asnj\u00eb lloj diskutimi dhe komenti.<\/p>\n<p>Dhe p\u00ebr hir t\u00eb s\u00eb v\u00ebrtet\u00ebs, me zv\/kryeministrin qeveria mund t\u00eb binte n\u00ebse ai d\u00ebshironte. Por jo, ai dha dor\u00ebheqjen e do shkoj te prokurori tha, do paraqitem.<\/p>\n<p>Pra ka vendosur nj\u00eb standard jasht\u00ebzakonisht p\u00ebr qytetar\u00ebt dhe p\u00ebr vendin n\u00eb t\u00eb cilin thot\u00eb haptas se ai dhe ministrat e tij jan\u00eb mbi ligjin.<\/p>\n<p>N\u00eb t\u00eb cilin ai haptas shum\u00ebzon si kurr\u00eb m\u00eb par\u00eb drejt\u00ebsin\u00eb me zero, e ky\u00e7 e mbyll dhe e b\u00ebn k\u00ebt\u00eb n\u00eb nj\u00eb koh\u00eb kur nuk ka qytetar shqiptar q\u00eb e miraton nj\u00eb akt t\u00eb till\u00eb.<\/p>\n<p>Nuk ka qytetar shqiptar q\u00eb pranon q\u00eb shefi i ekzekutivit ti mbyll\u00eb drejt\u00ebsis\u00eb kur zyrtar\u00ebt vjedhin qytetar\u00ebt.<\/p>\n<p>Nuk ka partner nd\u00ebrkomb\u00ebtar q\u00eb nuk ka nd\u00ebrhyr\u00eb dhe ka k\u00ebrkuar q\u00eb t\u00eb zbatohet shteti ligjor dhe kushtetuta.<\/p>\n<p>N\u00eb k\u00ebt\u00eb kuad\u00ebr opozita dhe vet\u00ebm opozita \u00ebsht\u00eb vendimtare n\u00eb zgjidhjen e k\u00ebsaj krize.<\/p>\n<p>Dhe kjo kriz\u00eb zgjidhet vet\u00ebm me largimin e Edi Ram\u00ebs.<\/p>\n<p>Kjo kriz\u00eb zgjidhet vet\u00ebm me kryengritjen paq\u00ebsore t\u00eb shqiptar\u00ebve.<\/p>\n<p>Shkurtimi i jet\u00ebs se qeveris\u00eb s\u00eb Edi Ram\u00ebs, \u00ebsht\u00eb imperativi m\u00eb madhor i koh\u00ebs. Detyrimi m\u00eb madhor i opozit\u00ebs.<\/p>\n","protected":false},"excerpt":{"rendered":"<p>Kryetari i PD, Sali Berisha u shpreh n\u00eb mbledhjen e grupit parlamentar se, detyra madhoshe e opozit\u00ebs \u00ebsht\u00eb shkurtimi i \u2018jet\u00ebs\u2019 s\u00eb qeveris\u00eb s\u00eb Edi Ram\u00ebs. Berisha: Edhe nj\u00ebher\u00eb duhet ti rikujtojm\u00eb\u00a0 \u00e7do shqiptari q\u00eb nuk ka ndodhur t\u00eb refuzohet ndonj\u00ebher\u00eb heqja e imunitetit t\u00eb ministrave. Vet\u00ebm n\u00eb harkun kohor 2009-2012 u jan\u00eb hequr dy &hellip;<\/p>\n","protected":false},"author":4,"featured_media":138209,"comment_status":"closed","ping_status":"closed","sticky":false,"template":"","format":"standard","meta":{"footnotes":""},"categories":[37],"tags":[],"class_list":["post-138208","post","type-post","status-publish","format-standard","has-post-thumbnail","","category-politike"],"_links":{"self":[{"href":"https:\/\/rdnews.al\/index.php\/wp-json\/wp\/v2\/posts\/138208","targetHints":{"allow":["GET"]}}],"collection":[{"href":"https:\/\/rdnews.al\/index.php\/wp-json\/wp\/v2\/posts"}],"about":[{"href":"https:\/\/rdnews.al\/index.php\/wp-json\/wp\/v2\/types\/post"}],"author":[{"embeddable":true,"href":"https:\/\/rdnews.al\/index.php\/wp-json\/wp\/v2\/users\/4"}],"replies":[{"embeddable":true,"href":"https:\/\/rdnews.al\/index.php\/wp-json\/wp\/v2\/comments?post=138208"}],"version-history":[{"count":4,"href":"https:\/\/rdnews.al\/index.php\/wp-json\/wp\/v2\/posts\/138208\/revisions"}],"predecessor-version":[{"id":138213,"href":"https:\/\/rdnews.al\/index.php\/wp-json\/wp\/v2\/posts\/138208\/revisions\/138213"}],"wp:featuredmedia":[{"embeddable":true,"href":"https:\/\/rdnews.al\/index.php\/wp-json\/wp\/v2\/media\/138209"}],"wp:attachment":[{"href":"https:\/\/rdnews.al\/index.php\/wp-json\/wp\/v2\/media?parent=138208"}],"wp:term":[{"taxonomy":"category","embeddable":true,"href":"https:\/\/rdnews.al\/index.php\/wp-json\/wp\/v2\/categories?post=138208"},{"taxonomy":"post_tag","embeddable":true,"href":"https:\/\/rdnews.al\/index.php\/wp-json\/wp\/v2\/tags?post=138208"}],"curies":[{"name":"wp","href":"https:\/\/api.w.org\/{rel}","templated":true}]}}