{"id":138214,"date":"2026-03-16T14:22:12","date_gmt":"2026-03-16T14:22:12","guid":{"rendered":"https:\/\/rdnews.al\/?p=138214"},"modified":"2026-03-16T14:22:12","modified_gmt":"2026-03-16T14:22:12","slug":"berisha-shqiptaret-do-te-flasin-ne-22-mars-per-ti-dhene-pergjigjen-e-merituar-organizates-kriminale-te-kryesuar-nga-rama","status":"publish","type":"post","link":"https:\/\/rdnews.al\/index.php\/2026\/03\/16\/berisha-shqiptaret-do-te-flasin-ne-22-mars-per-ti-dhene-pergjigjen-e-merituar-organizates-kriminale-te-kryesuar-nga-rama\/","title":{"rendered":"Berisha: Shqiptar\u00ebt do t\u00eb flasin n\u00eb 22 Mars p\u00ebr t\u2019i dh\u00ebn\u00eb p\u00ebrgjigjen e merituar organizat\u00ebs kriminale t\u00eb kryesuar nga Rama!"},"content":{"rendered":"<p>Kryetari i PD, Sali Berisha, n\u00eb fjal\u00ebn e tij n\u00eb mbledhjen e Grupit Parlamentar b\u00ebri thirrje p\u00ebr mobilizim m\u00eb t\u00eb madh qytetar dhe opozitar.<\/p>\n<p>Berisha theksoi se, protesta e 22 marsit duhet t\u00eb jet\u00eb nj\u00eb dit\u00eb frym\u00ebzimi dhe reagimi kund\u00ebr qeveris\u00eb s\u00eb drejtuar nga Edi Rama. Sipas tij, qytetar\u00ebt duhet t\u00eb shprehin revolt\u00ebn p\u00ebr t\u00eb treguar se askush nuk \u00ebsht\u00eb mbi ligjin dhe se \u00e7do zyrtar q\u00eb prek fondet publike duhet t\u00eb mbaj\u00eb p\u00ebrgjegj\u00ebsi.<\/p>\n<p>Berisha: N\u00eb k\u00ebt\u00eb aspekt duhet nj\u00eb mobilizim shum\u00eb m\u00eb i madh. Gjer sot ne kemi b\u00ebr\u00eb p\u00ebrpjekje t\u00eb m\u00ebdha, p\u00ebrpjekje edhe m\u00eb t\u00eb m\u00ebdha dhe m\u00eb t\u00eb suksesshme k\u00ebrkohen nga ne dhe \u00e7do shqiptar.<\/p>\n<p>Data 22 mars \u00ebsht\u00eb dit\u00eb frym\u00ebzimi. T\u00eb gjith\u00eb qytetar\u00ebt e k\u00ebtij vendi, duhet t\u00eb tregojn\u00eb zem\u00ebrimin, revolt\u00ebn e tyre, ti p\u00ebrgjigjemi flak\u00eb p\u00ebr flak\u00eb, p\u00ebr ti th\u00ebn\u00eb Edi Ram\u00ebs se nuk njohim kurr\u00eb qytetar mbi ligjin.<\/p>\n<p>Se nuk njohim kurr\u00eb hajdut\u00eb mbi ligjin.<\/p>\n<p>Se \u00e7do hajdut qeveritar q\u00eb guxon t\u00eb prek\u00eb, pasurit\u00eb dhe fondet publike do t\u00eb b\u00ebhet p\u00ebrgjegj\u00ebs para ligjit.<\/p>\n<p>Se nuk ke asnj\u00eb interes. Shqiptar\u00ebt me k\u00ebt\u00eb q\u00eb ka ndodhur, kan\u00eb nj\u00eb qeveri t\u00eb pashembullt.<\/p>\n<p>N\u00ebqoft\u00ebse qeveria e Enver Hoxh\u00ebs i arrestonte dhe burgoste se flisnin kundra saj, Edi Rama tani ka nxjerr\u00eb veten mbi ligjin p\u00ebr ti vjedhur qytetar\u00ebt, p\u00ebr t\u00eb mos pyetur se ekzistojn\u00eb.<\/p>\n<p>U ka mbyllur dyert e procesit t\u00eb integrimit shqiptar\u00ebve, ndaj dhe 22 marsi \u00ebsht\u00eb nj\u00eb dit\u00eb shum\u00eb e r\u00ebnd\u00ebsishme. Jasht\u00ebzakonisht shum\u00eb e r\u00ebnd\u00ebsishme.<\/p>\n<p>V\u00ebrtet\u00eb ky p\u00ebrdori 83 mandate t\u00eb krimit p\u00ebr t\u00eb mbrojtur veten dhe vjedhjet e tij, por shqiptar\u00ebt duhet t\u00eb flasin me 22 mars, me forc\u00ebn m\u00eb t\u00eb madhe kund\u00ebr k\u00ebsaj qeverie dhe kund\u00ebr k\u00ebtij kryehajduti, njeriut q\u00eb rreshton Shqip\u00ebrin\u00eb n\u00eb procesin e integrimit Europian, e nxjerr nga procesi dhe e rreshton me Serbin\u00eb.<\/p>\n<p>Imagjinoni ju lutem, shkaktarja e luft\u00ebrave t\u00eb fundit Ballakanike, nga Bosnja, Maqedonia e Kosova. Rusia e vog\u00ebl n\u00eb Ballkan, gjen nj\u00eb sh\u00ebrb\u00ebtor, gjen nj\u00eb argat q\u00eb t\u00eb barazoje<\/p>\n<p>Shqip\u00ebrin\u00eb, q\u00eb asnj\u00eb luft\u00eb nuk ka nisur. Q\u00eb ka dh\u00ebn\u00eb kontribute palcore n\u00eb shuarjen e konflikteve dhe faktor stabiliteti dhe e nxjerr tani, e rreshton me Vu\u00e7i\u00e7in e rreshton me Serbin\u00eb, vet\u00ebm p\u00ebr t\u00eb shp\u00ebtuar nga ligjit p\u00ebr vjedhjet q\u00eb ka kryer, p\u00ebr interesat e tij personale.<\/p>\n<p>Ndaj dhe 22 Marsi, fton \u00e7do qytetar shqiptar t\u00eb v\u00ebrshoj\u00eb drejt Tiran\u00ebs p\u00ebr ti dh\u00ebn\u00eb p\u00ebrgjigjen m\u00eb t\u00eb merituar, k\u00ebsaj organizate kriminale t\u00eb kryesuar nga Edi Rama q\u00eb nuk ka asnj\u00eb interes tjet\u00ebr p\u00ebrve\u00e7 pasurimit t\u00eb paligjsh\u00ebm me fondet dhe pasurit\u00eb publike t\u00eb shqiptar\u00ebve.<\/p>\n<p>S\u00eb dyti, jemi n\u00eb nj\u00eb situat\u00eb kritike n\u00eb parlament, por ne p\u00ebrs\u00ebri duhet t\u00eb intensifikojm\u00eb t\u00eb gjith\u00eb k\u00ebrkesat tona, sugjerimet tona, amendamentet tona, n\u00eb mbrojtje t\u00eb interesit publik t\u00eb shqiptar\u00ebve.<\/p>\n<p>Ata kan\u00eb gjetur nj\u00eb m\u00ebnyr\u00eb, t\u00eb mbyllin parlamentin, t\u00eb b\u00ebjn\u00eb 15 minuta dhe ta mbyllin. Por ne do t\u00eb b\u00ebjm\u00eb gjith\u00e7ka q\u00eb parlamenti t\u00eb shnd\u00ebrrohet n\u00eb tribun\u00ebn e diskreditimit t\u00eb tyre t\u00eb plot\u00eb, si\u00e7 e meritojn\u00eb.<\/p>\n<p>Si\u00e7 e meritojn\u00eb para shqiptar\u00ebve dhe bot\u00ebs.<\/p>\n<p>Ndaj dhe nj\u00ebher\u00eb nga kjo mbledhje, q\u00eb t\u00eb gjith\u00eb n\u00eb terren, tek qytetar\u00ebt. Jan\u00eb ata dhe vet\u00ebm ata q\u00eb do i japin p\u00ebrgjigjen k\u00ebtij q\u00ebndrimi posht\u00ebrues ndaj shqiptar\u00ebve, k\u00ebtij q\u00ebndrimi antishqiptar t\u00eb Edi Ram\u00ebs dhe qeveris\u00eb s\u00eb tij.<\/p>\n<p>Faleminderit!<\/p>\n","protected":false},"excerpt":{"rendered":"<p>Kryetari i PD, Sali Berisha, n\u00eb fjal\u00ebn e tij n\u00eb mbledhjen e Grupit Parlamentar b\u00ebri thirrje p\u00ebr mobilizim m\u00eb t\u00eb madh qytetar dhe opozitar. Berisha theksoi se, protesta e 22 marsit duhet t\u00eb jet\u00eb nj\u00eb dit\u00eb frym\u00ebzimi dhe reagimi kund\u00ebr qeveris\u00eb s\u00eb drejtuar nga Edi Rama. Sipas tij, qytetar\u00ebt duhet t\u00eb shprehin revolt\u00ebn p\u00ebr t\u00eb &hellip;<\/p>\n","protected":false},"author":4,"featured_media":138215,"comment_status":"closed","ping_status":"closed","sticky":false,"template":"","format":"standard","meta":{"footnotes":""},"categories":[37],"tags":[],"class_list":["post-138214","post","type-post","status-publish","format-standard","has-post-thumbnail","","category-politike"],"_links":{"self":[{"href":"https:\/\/rdnews.al\/index.php\/wp-json\/wp\/v2\/posts\/138214","targetHints":{"allow":["GET"]}}],"collection":[{"href":"https:\/\/rdnews.al\/index.php\/wp-json\/wp\/v2\/posts"}],"about":[{"href":"https:\/\/rdnews.al\/index.php\/wp-json\/wp\/v2\/types\/post"}],"author":[{"embeddable":true,"href":"https:\/\/rdnews.al\/index.php\/wp-json\/wp\/v2\/users\/4"}],"replies":[{"embeddable":true,"href":"https:\/\/rdnews.al\/index.php\/wp-json\/wp\/v2\/comments?post=138214"}],"version-history":[{"count":1,"href":"https:\/\/rdnews.al\/index.php\/wp-json\/wp\/v2\/posts\/138214\/revisions"}],"predecessor-version":[{"id":138216,"href":"https:\/\/rdnews.al\/index.php\/wp-json\/wp\/v2\/posts\/138214\/revisions\/138216"}],"wp:featuredmedia":[{"embeddable":true,"href":"https:\/\/rdnews.al\/index.php\/wp-json\/wp\/v2\/media\/138215"}],"wp:attachment":[{"href":"https:\/\/rdnews.al\/index.php\/wp-json\/wp\/v2\/media?parent=138214"}],"wp:term":[{"taxonomy":"category","embeddable":true,"href":"https:\/\/rdnews.al\/index.php\/wp-json\/wp\/v2\/categories?post=138214"},{"taxonomy":"post_tag","embeddable":true,"href":"https:\/\/rdnews.al\/index.php\/wp-json\/wp\/v2\/tags?post=138214"}],"curies":[{"name":"wp","href":"https:\/\/api.w.org\/{rel}","templated":true}]}}