{"id":138276,"date":"2026-03-17T11:51:10","date_gmt":"2026-03-17T11:51:10","guid":{"rendered":"https:\/\/rdnews.al\/?p=138276"},"modified":"2026-03-17T11:57:37","modified_gmt":"2026-03-17T11:57:37","slug":"138276","status":"publish","type":"post","link":"https:\/\/rdnews.al\/index.php\/2026\/03\/17\/138276\/","title":{"rendered":"Malltezi: Shpif\u00ebsi dhe gjob\u00ebv\u00ebn\u00ebsi, Do\u00e7i i Do\u00e7\u00ebrve nuk paraqitet s\u00ebrish n\u00eb gjyq"},"content":{"rendered":"<p>Drejtuesi i Departamentit t\u00eb Mjedisit n\u00eb PD, Jamarb\u00ebr Malltezi ka reaguar pas mosparaqitjes n\u00eb gjykat\u00eb t\u00eb gazetarit Adriatik Do\u00e7i, i denoncuar p\u00ebr shpifje.<\/p>\n<p>Malltezi shkruan se, turpi \u00ebsht\u00eb kur gjyqtari b\u00ebhet lolo dhe legen i shpif\u00ebsit e gjob\u00ebv\u00ebn\u00ebsit.<\/p>\n<p><strong>Reagimi<\/strong><\/p>\n<p>Shpif\u00ebsi i Le\u00e7janit dhe trajneri i gjob\u00ebv\u00ebnies, Do\u00e7i i Do\u00e7\u00ebrve t\u00eb partis\u00eb s\u00eb hajnave dhe fuksave, p\u00ebrs\u00ebri sot nuk u paraqit n\u00eb gjyq ndon\u00ebse ka shpallje publike.<\/p>\n<p>Disa vite q\u00eb p\u00ebrvidhet t\u00eb p\u00ebrballet me shpifjet e veta t\u00eb para 4 viteve. Ky \u00ebsht\u00eb l\u00ebtyra q\u00eb tregonte si vendos gjoba dhe q\u00eb e p\u00ebrdori Linda Rama kund\u00ebr armiqve n\u00eb PS.<\/p>\n<p>Turpi \u00ebsht\u00eb kur gjyqtari b\u00ebhet lolo dhe legen i shpif\u00ebsit e gjob\u00ebv\u00ebn\u00ebsit.<\/p>\n<p><iframe loading=\"lazy\" src=\"https:\/\/www.facebook.com\/plugins\/post.php?href=https%3A%2F%2Fwww.facebook.com%2Fabi.malltezi%2Fposts%2Fpfbid0Jzh3j77BCiJYp9NNkXuqVT5u5YKPPMmdzhzrdShNN4tg47QiEMSgRcFcbw8ZrkCWl&amp;show_text=true&amp;width=500\" width=\"500\" height=\"686\" frameborder=\"0\" scrolling=\"no\" allowfullscreen=\"allowfullscreen\" data-mce-fragment=\"1\"><\/iframe><\/p>\n","protected":false},"excerpt":{"rendered":"<p>Drejtuesi i Departamentit t\u00eb Mjedisit n\u00eb PD, Jamarb\u00ebr Malltezi ka reaguar pas mosparaqitjes n\u00eb gjykat\u00eb t\u00eb gazetarit Adriatik Do\u00e7i, i denoncuar p\u00ebr shpifje. Malltezi shkruan se, turpi \u00ebsht\u00eb kur gjyqtari b\u00ebhet lolo dhe legen i shpif\u00ebsit e gjob\u00ebv\u00ebn\u00ebsit. Reagimi Shpif\u00ebsi i Le\u00e7janit dhe trajneri i gjob\u00ebv\u00ebnies, Do\u00e7i i Do\u00e7\u00ebrve t\u00eb partis\u00eb s\u00eb hajnave dhe fuksave, &hellip;<\/p>\n","protected":false},"author":4,"featured_media":75423,"comment_status":"closed","ping_status":"closed","sticky":false,"template":"","format":"standard","meta":{"footnotes":""},"categories":[37],"tags":[],"class_list":["post-138276","post","type-post","status-publish","format-standard","has-post-thumbnail","","category-politike"],"_links":{"self":[{"href":"https:\/\/rdnews.al\/index.php\/wp-json\/wp\/v2\/posts\/138276","targetHints":{"allow":["GET"]}}],"collection":[{"href":"https:\/\/rdnews.al\/index.php\/wp-json\/wp\/v2\/posts"}],"about":[{"href":"https:\/\/rdnews.al\/index.php\/wp-json\/wp\/v2\/types\/post"}],"author":[{"embeddable":true,"href":"https:\/\/rdnews.al\/index.php\/wp-json\/wp\/v2\/users\/4"}],"replies":[{"embeddable":true,"href":"https:\/\/rdnews.al\/index.php\/wp-json\/wp\/v2\/comments?post=138276"}],"version-history":[{"count":3,"href":"https:\/\/rdnews.al\/index.php\/wp-json\/wp\/v2\/posts\/138276\/revisions"}],"predecessor-version":[{"id":138279,"href":"https:\/\/rdnews.al\/index.php\/wp-json\/wp\/v2\/posts\/138276\/revisions\/138279"}],"wp:featuredmedia":[{"embeddable":true,"href":"https:\/\/rdnews.al\/index.php\/wp-json\/wp\/v2\/media\/75423"}],"wp:attachment":[{"href":"https:\/\/rdnews.al\/index.php\/wp-json\/wp\/v2\/media?parent=138276"}],"wp:term":[{"taxonomy":"category","embeddable":true,"href":"https:\/\/rdnews.al\/index.php\/wp-json\/wp\/v2\/categories?post=138276"},{"taxonomy":"post_tag","embeddable":true,"href":"https:\/\/rdnews.al\/index.php\/wp-json\/wp\/v2\/tags?post=138276"}],"curies":[{"name":"wp","href":"https:\/\/api.w.org\/{rel}","templated":true}]}}