{"id":138400,"date":"2026-03-19T10:23:56","date_gmt":"2026-03-19T10:23:56","guid":{"rendered":"https:\/\/rdnews.al\/?p=138400"},"modified":"2026-03-19T10:23:56","modified_gmt":"2026-03-19T10:23:56","slug":"abuzimi-i-oshee-vangjeli-qytetari-ne-fushe-kruje-faturohet-me-energji-elektrike-2-3-here-me-shume-se-konsumi","status":"publish","type":"post","link":"https:\/\/rdnews.al\/index.php\/2026\/03\/19\/abuzimi-i-oshee-vangjeli-qytetari-ne-fushe-kruje-faturohet-me-energji-elektrike-2-3-here-me-shume-se-konsumi\/","title":{"rendered":"Abuzimi i OSHEE\/ Vangjeli: Qytetari n\u00eb Fush\u00eb-Kruj\u00eb faturohet me energji elektrike 2-3 her\u00eb m\u00eb shum\u00eb se konsumi"},"content":{"rendered":"<p><strong>Deklarata e z\u00ebdh\u00ebn\u00ebses s\u00eb Antikorrupsionit n\u00eb PD, Genta Vangjeli:<\/strong><\/p>\n<p>Nj\u00eb tjet\u00ebr rast shqet\u00ebsues abuzimi vjen nga Fush\u00eb-Kruja, ku nj\u00eb banor dhe abonent familjar i energjis\u00eb elektrike denoncon sot publikisht m\u00ebnyr\u00ebn se si po trajtohet nga administrata e qeveris\u00eb Rama.<\/p>\n<p>Sipas dokumentacionit dhe librez\u00ebs p\u00ebrkat\u00ebse, qytetari ka shlyer rregullisht detyrimet p\u00ebr energjin\u00eb elektrike, me fatura mujore q\u00eb varionin nga 3 mij\u00eb deri n\u00eb 7 mij\u00eb lek\u00eb.<\/p>\n<p>Megjithat\u00eb, n\u00eb m\u00ebnyr\u00eb t\u00eb papritur dhe t\u00eb pashpjegueshme, abonenti, Bledi Mu\u00e7a, ka nisur t\u00eb faturohet me shuma dy deri n\u00eb trefish m\u00eb t\u00eb larta se konsumi i zakonsh\u00ebm.<\/p>\n<p>P\u00ebrball\u00eb k\u00ebtij mbifaturimi t\u00eb pajustifikuar, qytetari ka refuzuar t\u00eb paguaj\u00eb faturat dhe \u00ebsht\u00eb ankuar pran\u00eb institucioneve p\u00ebrkat\u00ebse p\u00ebr t\u00eb k\u00ebrkuar verifikim dhe korrigjim t\u00eb situat\u00ebs.<\/p>\n<p>Por n\u00eb vend q\u00eb ankesa e tij t\u00eb merrej n\u00eb shqyrtim dhe t\u00eb sqarohej, institucionet kan\u00eb vijuar me faturime t\u00eb tjera dhe me p\u00ebrllogaritje kamatash.<\/p>\n<figure class=\"wp-block-image size-large\"><img loading=\"lazy\" decoding=\"async\" class=\"wp-image-25835\" src=\"https:\/\/pd.al\/wp-content\/uploads\/2026\/03\/IMG_2955-1024x477.jpg\" sizes=\"auto, (max-width: 1024px) 100vw, 1024px\" srcset=\"https:\/\/pd.al\/wp-content\/uploads\/2026\/03\/IMG_2955-1024x477.jpg 1024w, https:\/\/pd.al\/wp-content\/uploads\/2026\/03\/IMG_2955-300x140.jpg 300w, https:\/\/pd.al\/wp-content\/uploads\/2026\/03\/IMG_2955-768x358.jpg 768w, https:\/\/pd.al\/wp-content\/uploads\/2026\/03\/IMG_2955-1536x716.jpg 1536w, https:\/\/pd.al\/wp-content\/uploads\/2026\/03\/IMG_2955-rotated.jpg 1729w\" alt=\"\" width=\"1024\" height=\"477\" \/><figcaption class=\"wp-element-caption\">Screenshot<\/figcaption><\/figure>\n<p>Si pasoj\u00eb, shumat mujore t\u00eb faturuara kan\u00eb arritur n\u00eb vlera nga 120 deri n\u00eb 180 euro n\u00eb muaj, duke e \u00e7uar detyrimin total t\u00eb pretenduar ndaj qytetarit n\u00eb mbi 3500 euro, nj\u00eb barr\u00eb kjo, e pap\u00ebrballueshme p\u00ebr nj\u00eb familje shqiptare.<\/p>\n<p>Ky \u00ebsht\u00eb nj\u00eb tjet\u00ebr shembull i qart\u00eb i arroganc\u00ebs dhe pap\u00ebrgjegjshm\u00ebris\u00eb s\u00eb administrat\u00ebs shtet\u00ebrore, e cila n\u00eb vend q\u00eb t\u00eb mbroj\u00eb qytetar\u00ebt, i p\u00ebrball ata me padrejt\u00ebsi dhe presion financiar.<\/p>\n<p>Shqiptar\u00ebt nuk mund t\u00eb vijojn\u00eb t\u00eb trajtohen n\u00eb k\u00ebt\u00eb m\u00ebnyr\u00eb nga nj\u00eb administrat\u00eb q\u00eb nuk u p\u00ebrgjigjet nevojave t\u00eb tyre dhe nuk mban p\u00ebrgjegj\u00ebsi p\u00ebr abuzimet q\u00eb ndodhin \u00e7do dit\u00eb,<\/p>\n<p>Prandaj t\u00eb Diel\u00ebn n\u00eb or\u00ebn 18:00 t\u00eb gjith\u00eb n\u00eb shesh deri n\u00eb rr\u00ebzimin e Edi Ram\u00ebs dhe qeveris\u00eb s\u00eb tij.<\/p>\n<figure class=\"wp-block-image size-large\"><img loading=\"lazy\" decoding=\"async\" class=\"wp-image-25836\" src=\"https:\/\/pd.al\/wp-content\/uploads\/2026\/03\/IMG_2954-497x1024.jpg\" sizes=\"auto, (max-width: 497px) 100vw, 497px\" srcset=\"https:\/\/pd.al\/wp-content\/uploads\/2026\/03\/IMG_2954-497x1024.jpg 497w, https:\/\/pd.al\/wp-content\/uploads\/2026\/03\/IMG_2954-145x300.jpg 145w, https:\/\/pd.al\/wp-content\/uploads\/2026\/03\/IMG_2954.jpg 727w\" alt=\"\" width=\"497\" height=\"1024\" \/><\/figure>\n","protected":false},"excerpt":{"rendered":"<p>Deklarata e z\u00ebdh\u00ebn\u00ebses s\u00eb Antikorrupsionit n\u00eb PD, Genta Vangjeli: Nj\u00eb tjet\u00ebr rast shqet\u00ebsues abuzimi vjen nga Fush\u00eb-Kruja, ku nj\u00eb banor dhe abonent familjar i energjis\u00eb elektrike denoncon sot publikisht m\u00ebnyr\u00ebn se si po trajtohet nga administrata e qeveris\u00eb Rama. Sipas dokumentacionit dhe librez\u00ebs p\u00ebrkat\u00ebse, qytetari ka shlyer rregullisht detyrimet p\u00ebr energjin\u00eb elektrike, me fatura mujore &hellip;<\/p>\n","protected":false},"author":4,"featured_media":132941,"comment_status":"closed","ping_status":"closed","sticky":false,"template":"","format":"standard","meta":{"footnotes":""},"categories":[37],"tags":[],"class_list":["post-138400","post","type-post","status-publish","format-standard","has-post-thumbnail","","category-politike"],"_links":{"self":[{"href":"https:\/\/rdnews.al\/index.php\/wp-json\/wp\/v2\/posts\/138400","targetHints":{"allow":["GET"]}}],"collection":[{"href":"https:\/\/rdnews.al\/index.php\/wp-json\/wp\/v2\/posts"}],"about":[{"href":"https:\/\/rdnews.al\/index.php\/wp-json\/wp\/v2\/types\/post"}],"author":[{"embeddable":true,"href":"https:\/\/rdnews.al\/index.php\/wp-json\/wp\/v2\/users\/4"}],"replies":[{"embeddable":true,"href":"https:\/\/rdnews.al\/index.php\/wp-json\/wp\/v2\/comments?post=138400"}],"version-history":[{"count":1,"href":"https:\/\/rdnews.al\/index.php\/wp-json\/wp\/v2\/posts\/138400\/revisions"}],"predecessor-version":[{"id":138401,"href":"https:\/\/rdnews.al\/index.php\/wp-json\/wp\/v2\/posts\/138400\/revisions\/138401"}],"wp:featuredmedia":[{"embeddable":true,"href":"https:\/\/rdnews.al\/index.php\/wp-json\/wp\/v2\/media\/132941"}],"wp:attachment":[{"href":"https:\/\/rdnews.al\/index.php\/wp-json\/wp\/v2\/media?parent=138400"}],"wp:term":[{"taxonomy":"category","embeddable":true,"href":"https:\/\/rdnews.al\/index.php\/wp-json\/wp\/v2\/categories?post=138400"},{"taxonomy":"post_tag","embeddable":true,"href":"https:\/\/rdnews.al\/index.php\/wp-json\/wp\/v2\/tags?post=138400"}],"curies":[{"name":"wp","href":"https:\/\/api.w.org\/{rel}","templated":true}]}}