{"id":138470,"date":"2026-03-19T20:32:03","date_gmt":"2026-03-19T20:32:03","guid":{"rendered":"https:\/\/rdnews.al\/?p=138470"},"modified":"2026-03-19T20:32:03","modified_gmt":"2026-03-19T20:32:03","slug":"zonat-e-erreta-te-kolegjit-te-evropes-le-figaro-si-u-perdor-shqiperia-ne-skandalin-e-mafies-se-eurokrateve","status":"publish","type":"post","link":"https:\/\/rdnews.al\/index.php\/2026\/03\/19\/zonat-e-erreta-te-kolegjit-te-evropes-le-figaro-si-u-perdor-shqiperia-ne-skandalin-e-mafies-se-eurokrateve\/","title":{"rendered":"Zonat e err\u00ebta t\u00eb Kolegjit t\u00eb Evrop\u00ebs\/ Le Figaro: Si u p\u00ebrdor Shqip\u00ebria n\u00eb skandalin e mafies s\u00eb Eurokrat\u00ebve!"},"content":{"rendered":"<p><strong>Nga Martin Bernier-<a href=\"https:\/\/www.lefigaro.fr\/vox\/monde\/les-zones-d-ombre-du-college-d-europe-l-ecole-qui-forme-la-mafia-des-eurocrates-20260319\" target=\"_blank\" rel=\"noopener\">Le Figaro<\/a><\/strong><\/p>\n<p>Ndalimi i ish-p\u00ebrfaq\u00ebsueses s\u00eb Lart\u00eb t\u00eb BE-s\u00eb p\u00ebr Pun\u00ebt e Jashtme, Federica Mogherini, n\u00eb nj\u00eb hetim p\u00ebr korrupsion dhe dor\u00ebheqja e saj e menj\u00ebhershme si rektore e Kolegjit t\u00eb Evrop\u00ebs, jan\u00eb vet\u00ebm maja e ajsbergut t\u00eb telasheve, t\u00eb fshehura mir\u00eb, q\u00eb kan\u00eb tronditur institucionin p\u00ebrgjegj\u00ebs p\u00ebr trajnimin e elit\u00ebs evropiane. Por, prapaskenat m\u00eb t\u00eb nxehta t\u00eb k\u00ebtij hetimi kalojn\u00eb p\u00ebrmes Tiran\u00ebs dhe marr\u00ebdh\u00ebnies \u2018sekrete\u2019 Rama-Mogherini.<\/p>\n<p><strong>Arrestimi q\u00eb tronditi \u2018Mafian e Bryzhit\u2019<\/strong><\/p>\n<p>Anash uj\u00ebrave t\u00eb Djiver ngrihet kampusi kryesor i Kolegjit t\u00eb Evrop\u00ebs. Qet\u00ebsia e Bryzhit pothuajse t\u00eb b\u00ebn t\u00eb harrosh se, m\u00eb 2 dhjetor, student\u00ebt rrug\u00ebs p\u00ebr n\u00eb bibliotek\u00eb u ndesh\u00ebn ball\u00eb p\u00ebr ball\u00eb me policin\u00eb q\u00eb bastisi institucionin. Rektorja e Kolegjit, Federica Mogherini, sapo ishte arrestuar nga policia belge me udh\u00ebzim t\u00eb Prokuroris\u00eb Evropiane. Ajo kaloi dhjet\u00eb or\u00eb n\u00eb mbajtje dhe dha dor\u00ebheqjen menj\u00ebher\u00eb pas k\u00ebsaj.<\/p>\n<p>Q\u00eb nga viti 1949, ky Kolegj formon at\u00eb q\u00eb n\u00eb Bruksel e quajn\u00eb \u2018Mafia e Bryzhit\u2019, nj\u00eb rrjet ish-student\u00ebsh q\u00eb dominojn\u00eb institucionet e BE-s\u00eb, firmat ligjore dhe lobet. Me nj\u00eb tarif\u00eb prej 29,000 eurosh n\u00eb vit, student\u00ebt jetojn\u00eb n\u00eb konvikte elitare, duke krijuar nj\u00eb \u2018frym\u00eb korporative\u2019 q\u00eb shpesh tejkalon rregullat diplomatike.<\/p>\n<p><strong>Komisioni, Kolegji dhe \u2018Parat\u00eb e Shqip\u00ebris\u00eb\u2019<\/strong><\/p>\n<p>Nd\u00ebrsa drejtuesit e Kolegjit p\u00ebrpiqen t\u00eb minimizojn\u00eb skandalin, hijet mbi projektet n\u00eb Shqip\u00ebri po b\u00ebhen gjithnj\u00eb e m\u00eb t\u00eb r\u00ebnda. Lidhja midis Kolegjit dhe Brukselit \u00ebsht\u00eb e paqart\u00eb, por kur vijn\u00eb urdhra nga Komisioni Evropian, Kolegji vihet n\u00eb gatishm\u00ebri. K\u00ebshtu ndodhi n\u00eb mars 2023, kur komisioneri Oliv\u00e9r V\u00e1rhelyi njoftoi hapjen e nj\u00eb kampusi n\u00eb Shqip\u00ebri brenda vitit, pa u konsultuar fare me drejtorin\u00eb mbi kalendarin. Mogherini dhe ekipet e saj punuan me zell q\u00eb projekti t\u00eb shihte drit\u00ebn n\u00eb koh\u00eb.<\/p>\n<p>N\u00eb nxitim e sip\u00ebr, Mogherini u mb\u00ebshtet n\u00eb miq\u00ebsin\u00eb e saj me kryeministrin Edi Rama, q\u00eb daton nga viti 2014. Megjith\u00ebse projekti u mir\u00ebprit n\u00eb fillim, dyshime t\u00eb forta lind\u00ebn mbi financimin e tij:<\/p>\n<p>Skandali i 17 milion\u00eb eurove: Nj\u00eb hetim nga Rrjeti i Raportimit t\u00eb Korrupsionit dhe Krimit t\u00eb Organizuar n\u00eb Shqip\u00ebri zbuloi se 17 milion\u00eb eurot e angazhuara nga qeveria Rama p\u00ebr Kolegjin e Evrop\u00ebs ishin fillimisht t\u00eb destinuara p\u00ebr nj\u00eb kampus t\u00eb ri p\u00ebr Universitetin Publik t\u00eb Tiran\u00ebs.<\/p>\n<p>Kjo shum\u00eb ishte premtuar pas protestave studentore t\u00eb vitit 2018 p\u00ebr 22,000 student\u00ebt e kryeqytetit, por fondet u riorientuan p\u00ebrmes nj\u00eb memorandumi t\u00eb n\u00ebnshkruaj nga Rama, Mogherini dhe Erion Veliaj (i burgosur tashm\u00eb p\u00ebr korrupsion).<\/p>\n<p>Nd\u00ebrtesa ende nuk ka p\u00ebrfunduar, ndaj dy brezat e par\u00eb t\u00eb Kolegjit po zhvillojn\u00eb m\u00ebsimin n\u00eb ambientet e universitetit publik shqiptar.<\/p>\n<p><strong>\u2018Rama instrumentalizon BE-n\u00eb p\u00ebr propagand\u00eb\u2019<\/strong><\/p>\n<p>P\u00ebr ish-z\u00ebvend\u00ebskryeministrin shqiptar Genc Pollo, kjo \u00e7\u00ebshtje ilustron faktin se Edi Rama po p\u00ebrdor BE-n\u00eb p\u00ebr interesat e tij. Opozita shqiptare i ka b\u00ebr\u00eb thirrje zyrtare Prokuroris\u00eb Evropiane dhe OLAF-it t\u00eb hetojn\u00eb \u2018marr\u00ebveshjen sekrete Rama-Mogherini\u2019.<\/p>\n<p>Sipas tyre, Mogherini ka lobuar n\u00eb Bruksel p\u00ebr t\u00eb mbuluar \u2018mega-skandalet\u2019 e qeveris\u00eb shqiptare dhe akuzat p\u00ebr \u2018narkoshtet\u2019, n\u00eb k\u00ebmbim t\u00eb mb\u00ebshtetjes p\u00ebr projektin e saj.<\/p>\n<p>\u2018Federica Mogherini nuk tregoi shum\u00eb skrupuj me njer\u00ebz q\u00eb nuk e respektojn\u00eb shtetin e s\u00eb drejt\u00ebs\u2019, shprehet Pollo, duke kujtuar se n\u00eb shtatorin e kaluar, ajo ftoi Ram\u00ebn n\u00eb Bryzh p\u00ebr t\u00eb folur p\u00ebr \u2018laboratorin e Evrop\u00ebs\u2019, nd\u00ebrsa qeveria e tij po kalbej nga korrupsioni.<\/p>\n<p><strong>Kina, Turqia dhe autonomia e humbur<\/strong><\/p>\n<p>Kolegji i Evrop\u00ebs shfaqet si nj\u00eb \u2018objekt diplomatik i paidentifikuar\u2019 ku lojtar\u00ebt e huaj thurin rrjetet e tyre:<\/p>\n<p>Kina: N\u00eb vitin 2014, u krijua nj\u00eb \u2018bibliotek\u00eb kineze\u2019 e financuar direkt nga Pekini. Pas zbulimeve mbi gjenocidin e ujgur\u00ebve, shkolla u detyrua t&#8217;i fsheh\u00eb librat nga frika e pajisjeve p\u00ebrgjuese (mikrofonave).<\/p>\n<p>Turqia: Diplomat\u00ebt turq organizojn\u00eb konferenca dhe shp\u00ebrndajn\u00eb udh\u00ebtime falas n\u00eb Stamboll t\u00eb sponsorizuara nga \u2018Turkish Airlines\u2019, duke p\u00ebrdorur shkoll\u00ebn si platform\u00eb influence.<\/p>\n<p>Emri i Madh: Mogherini akuzohet se pag\u00ebzoi brezin e ri \u2018Madeleine Albright\u2019 pa pyetur ask\u00ebnd, vet\u00ebm p\u00ebr shkak t\u00eb lidhjes personale me diplomaten amerikane, duke injoruar k\u00ebrkesat e student\u00ebve p\u00ebr nj\u00eb em\u00ebr ukrainas.<\/p>\n<p><strong>Nj\u00eb institucion n\u00eb kriz\u00eb identiteti<\/strong><\/p>\n<p>Sot, Kolegji sapo ka mbyllur thirrjen p\u00ebr nj\u00eb rektor t\u00eb ri, duke k\u00ebrkuar nj\u00eb profil m\u00eb akademik p\u00ebr t\u00eb shmangur trazirat politike q\u00eb solli Mogherini. Em\u00ebrimi i saj n\u00eb 2020 u b\u00eb me \u2018tapet t\u00eb kuq\u2019 nga Herman Van Rompuy dhe Ursula von der Leyen, pavar\u00ebsisht munges\u00ebs s\u00eb p\u00ebrvoj\u00ebs akademike dhe konfliktit t\u00eb interesit.<\/p>\n<p>N\u00eb Bryzh, student\u00ebt e zgjedhur me kujdes nga drejtoria shprehen t\u00eb trishtuar p\u00ebr fatin e rektores, por p\u00ebr shum\u00eb t\u00eb tjer\u00eb, inculpimi i saj mbetet nj\u00eb \u2018non-subjekt\u2019. Megjithat\u00eb, pyetja q\u00eb mbetet pezull n\u00eb Tiran\u00eb dhe Bruksel \u00ebsht\u00eb: Sa e lart\u00eb ishte kostoja e k\u00ebtij \u2018laboratori evropian\u2019 dhe kush do t\u00eb mbaj\u00eb p\u00ebrgjegj\u00ebsi p\u00ebr parat\u00eb e devijuara t\u00eb student\u00ebve shqiptar\u00eb?<\/p>\n","protected":false},"excerpt":{"rendered":"<p>Nga Martin Bernier-Le Figaro Ndalimi i ish-p\u00ebrfaq\u00ebsueses s\u00eb Lart\u00eb t\u00eb BE-s\u00eb p\u00ebr Pun\u00ebt e Jashtme, Federica Mogherini, n\u00eb nj\u00eb hetim p\u00ebr korrupsion dhe dor\u00ebheqja e saj e menj\u00ebhershme si rektore e Kolegjit t\u00eb Evrop\u00ebs, jan\u00eb vet\u00ebm maja e ajsbergut t\u00eb telasheve, t\u00eb fshehura mir\u00eb, q\u00eb kan\u00eb tronditur institucionin p\u00ebrgjegj\u00ebs p\u00ebr trajnimin e elit\u00ebs evropiane. Por, &hellip;<\/p>\n","protected":false},"author":4,"featured_media":138471,"comment_status":"closed","ping_status":"closed","sticky":false,"template":"","format":"standard","meta":{"footnotes":""},"categories":[37],"tags":[],"class_list":["post-138470","post","type-post","status-publish","format-standard","has-post-thumbnail","","category-politike"],"_links":{"self":[{"href":"https:\/\/rdnews.al\/index.php\/wp-json\/wp\/v2\/posts\/138470","targetHints":{"allow":["GET"]}}],"collection":[{"href":"https:\/\/rdnews.al\/index.php\/wp-json\/wp\/v2\/posts"}],"about":[{"href":"https:\/\/rdnews.al\/index.php\/wp-json\/wp\/v2\/types\/post"}],"author":[{"embeddable":true,"href":"https:\/\/rdnews.al\/index.php\/wp-json\/wp\/v2\/users\/4"}],"replies":[{"embeddable":true,"href":"https:\/\/rdnews.al\/index.php\/wp-json\/wp\/v2\/comments?post=138470"}],"version-history":[{"count":1,"href":"https:\/\/rdnews.al\/index.php\/wp-json\/wp\/v2\/posts\/138470\/revisions"}],"predecessor-version":[{"id":138472,"href":"https:\/\/rdnews.al\/index.php\/wp-json\/wp\/v2\/posts\/138470\/revisions\/138472"}],"wp:featuredmedia":[{"embeddable":true,"href":"https:\/\/rdnews.al\/index.php\/wp-json\/wp\/v2\/media\/138471"}],"wp:attachment":[{"href":"https:\/\/rdnews.al\/index.php\/wp-json\/wp\/v2\/media?parent=138470"}],"wp:term":[{"taxonomy":"category","embeddable":true,"href":"https:\/\/rdnews.al\/index.php\/wp-json\/wp\/v2\/categories?post=138470"},{"taxonomy":"post_tag","embeddable":true,"href":"https:\/\/rdnews.al\/index.php\/wp-json\/wp\/v2\/tags?post=138470"}],"curies":[{"name":"wp","href":"https:\/\/api.w.org\/{rel}","templated":true}]}}