{"id":138601,"date":"2026-03-22T20:11:36","date_gmt":"2026-03-22T20:11:36","guid":{"rendered":"https:\/\/rdnews.al\/?p=138601"},"modified":"2026-03-22T20:27:21","modified_gmt":"2026-03-22T20:27:21","slug":"berisha-edi-rama-jep-doreheqjen-ose-do-perfundosh-ashtu-sic-sta-pret-mendja","status":"publish","type":"post","link":"https:\/\/rdnews.al\/index.php\/2026\/03\/22\/berisha-edi-rama-jep-doreheqjen-ose-do-perfundosh-ashtu-sic-sta-pret-mendja\/","title":{"rendered":"Berisha: Edi Rama jep dor\u00ebheqjen ose do p\u00ebrfundosh ashtu si\u00e7 s\u2019ta pret mendja!"},"content":{"rendered":"<p>Kryetari i PD, Sali Berisha i b\u00ebri thirrje Edi Ram\u00ebs, jep dor\u00ebheqjen ose do p\u00ebrfundosh ashtu si\u00e7 s\u2019ta pret mendja!<\/p>\n<p><strong>Berisha:<\/strong> Prandaj dhe ne le t\u00eb zotohemi n\u00eb k\u00ebt\u00eb shesh se nuk ka paqe n\u00eb k\u00ebt\u00eb vend me ata t\u00eb cil\u00ebt kan\u00eb vjedhur dhe vjedhin si hijena pasurit\u00eb publike t\u00eb shqiptar\u00ebve dhe pasurohen vet\u00eb.<\/p>\n<p>P\u00ebrdorin ligjet dhe mandatet e krimit p\u00ebr t\u00eb mbrojtur vjedhjet e tyre.<\/p>\n<p>Q\u00ebndresa jon\u00eb, nd\u00ebshkimi yn\u00eb do t\u00eb bjer\u00eb mbi ta dhe ata do p\u00ebrfundojn\u00eb n\u00eb Lan\u00eb.<\/p>\n<p>Do p\u00ebrfundojn\u00eb n\u00eb koshat e plehrave t\u00eb historis\u00eb.<\/p>\n<p>E pat\u00eb vet\u00eb ju si e kishte rrethuar nga t\u00eb kat\u00ebr an\u00ebt me polic\u00eb.<\/p>\n<p>Po ka rrethim q\u00eb na pengon ne? kurr\u00eb mo kurr\u00eb!<\/p>\n<p>Prandaj Edi Rama jep dor\u00ebheqjen sa m\u00eb shpejt.<\/p>\n<p>Jep dor\u00ebheqjen se do t\u00eb t\u00ebrheqim ashtu si\u00e7 s\u2019ta pret mendja.<\/p>\n","protected":false},"excerpt":{"rendered":"<p>Kryetari i PD, Sali Berisha i b\u00ebri thirrje Edi Ram\u00ebs, jep dor\u00ebheqjen ose do p\u00ebrfundosh ashtu si\u00e7 s\u2019ta pret mendja! Berisha: Prandaj dhe ne le t\u00eb zotohemi n\u00eb k\u00ebt\u00eb shesh se nuk ka paqe n\u00eb k\u00ebt\u00eb vend me ata t\u00eb cil\u00ebt kan\u00eb vjedhur dhe vjedhin si hijena pasurit\u00eb publike t\u00eb shqiptar\u00ebve dhe pasurohen vet\u00eb. P\u00ebrdorin &hellip;<\/p>\n","protected":false},"author":4,"featured_media":138611,"comment_status":"closed","ping_status":"closed","sticky":false,"template":"","format":"standard","meta":{"footnotes":""},"categories":[37],"tags":[],"class_list":["post-138601","post","type-post","status-publish","format-standard","has-post-thumbnail","","category-politike"],"_links":{"self":[{"href":"https:\/\/rdnews.al\/index.php\/wp-json\/wp\/v2\/posts\/138601","targetHints":{"allow":["GET"]}}],"collection":[{"href":"https:\/\/rdnews.al\/index.php\/wp-json\/wp\/v2\/posts"}],"about":[{"href":"https:\/\/rdnews.al\/index.php\/wp-json\/wp\/v2\/types\/post"}],"author":[{"embeddable":true,"href":"https:\/\/rdnews.al\/index.php\/wp-json\/wp\/v2\/users\/4"}],"replies":[{"embeddable":true,"href":"https:\/\/rdnews.al\/index.php\/wp-json\/wp\/v2\/comments?post=138601"}],"version-history":[{"count":1,"href":"https:\/\/rdnews.al\/index.php\/wp-json\/wp\/v2\/posts\/138601\/revisions"}],"predecessor-version":[{"id":138602,"href":"https:\/\/rdnews.al\/index.php\/wp-json\/wp\/v2\/posts\/138601\/revisions\/138602"}],"wp:featuredmedia":[{"embeddable":true,"href":"https:\/\/rdnews.al\/index.php\/wp-json\/wp\/v2\/media\/138611"}],"wp:attachment":[{"href":"https:\/\/rdnews.al\/index.php\/wp-json\/wp\/v2\/media?parent=138601"}],"wp:term":[{"taxonomy":"category","embeddable":true,"href":"https:\/\/rdnews.al\/index.php\/wp-json\/wp\/v2\/categories?post=138601"},{"taxonomy":"post_tag","embeddable":true,"href":"https:\/\/rdnews.al\/index.php\/wp-json\/wp\/v2\/tags?post=138601"}],"curies":[{"name":"wp","href":"https:\/\/api.w.org\/{rel}","templated":true}]}}