{"id":139080,"date":"2026-03-28T11:47:39","date_gmt":"2026-03-28T11:47:39","guid":{"rendered":"https:\/\/rdnews.al\/?p=139080"},"modified":"2026-03-28T11:47:39","modified_gmt":"2026-03-28T11:47:39","slug":"berisha-edi-rama-ka-lobuar-te-racistet-ne-be-qe-ta-stigmatizojne-korrupsionin-dhe-ta-paraqesin-si-problem-kulturor-te-shqiptareve","status":"publish","type":"post","link":"https:\/\/rdnews.al\/index.php\/2026\/03\/28\/berisha-edi-rama-ka-lobuar-te-racistet-ne-be-qe-ta-stigmatizojne-korrupsionin-dhe-ta-paraqesin-si-problem-kulturor-te-shqiptareve\/","title":{"rendered":"Berisha: Edi Rama ka lobuar te racist\u00ebt n\u00eb BE q\u00eb ta stigmatizojn\u00eb korrupsionin dhe ta paraqesin si problem kulturor t\u00eb shqiptar\u00ebve!"},"content":{"rendered":"<p>Kryetari i PD, Sali Berisha tha se, Edi Rama ka lobuar te racist\u00ebt n\u00eb BE q\u00eb ta stigmatizojn\u00eb korrupsionin dhe ta paraqesin si problem kulturor t\u00eb shqiptar\u00ebve!<\/p>\n<p><strong>Fatos Do\u00e7i: P\u00ebrsh\u00ebndetje Doktor, pyetja ime p\u00ebr ju \u00ebsht\u00eb, p\u00ebrse nuk ngujoheni ose brenda n\u00eb parlament ose \u00e7adrat para parlamentit ose kryeministris\u00eb? Me protesta nuk po arrijm\u00eb asgj\u00eb, thjesht po i japim koh\u00eb Horrit dhe Lubis\u00eb t\u00eb rregullojn\u00eb zullumet!<\/strong><\/p>\n<p><strong>Sali Berisha:<\/strong> T\u00eb fal\u00ebnderoj p\u00ebr pyetjen dhe sugjerimet e drejta q\u00eb b\u00ebn. Me protesta t\u00eb garantoj se kemi arritur shum\u00eb. Nuk kemi arritur q\u00ebllimin p\u00ebr largimin e tij, por kemi shnd\u00ebrruar n\u00eb nj\u00eb \u00e7\u00ebshtje bot\u00ebrore, \u00e7\u00ebshtjen e korrupsionit Rama-Balluku, dhe kjo \u00ebsht\u00eb nj\u00eb arritje e madhe Fatos.<br \/>\nJu jeni d\u00ebshmitar\u00eb se si, para vendimit fam\u00ebzi t\u00eb Edi Ram\u00ebs, me 83 thikat e krimit n\u00eb parlament, p\u00ebr t\u00eb mbrojtur Balluku, reaguan jo vet\u00ebm nj\u00eb, por disa nga vendet kryesore t\u00eb BE-s\u00eb.<br \/>\nP\u00ebrve\u00e7 k\u00ebsaj, jan\u00eb nj\u00eb seri dokumentash nd\u00ebrkomb\u00ebtare n\u00eb t\u00eb cilat Edi Rama stigmatizohet si autori i narkoshtetit t\u00eb par\u00eb dhe si mbrojt\u00ebs kryesor i korrupsionit.<br \/>\nPra, imagjino pak Fatos sikur t\u00eb mos kishim dal\u00eb ne n\u00eb protesta, a nuk do t\u00eb ishte kjo nj\u00eb argument p\u00ebr ato racist\u00eb q\u00eb si\u00e7 i d\u00ebgjove dhe ju, t\u00eb lobuar dhe t\u00eb paguar nga Edi Rama duhet t\u00eb paraqesin korrupsion si nj\u00eb fenomen t\u00eb geneve t\u00eb shqiptar\u00ebve.<br \/>\nUn\u00eb e kuptoj se, protesta nuk kan\u00eb realizuar at\u00eb q\u00eb protestat nuk kan\u00eb realizuar at\u00eb q\u00eb do t\u00eb doje ti, dhe shumica e shqiptar\u00ebve n\u00eb maksimum, por asnj\u00ebher\u00eb mos harron se protestat kan\u00eb mbrojtur, nderin, dinjitetin, timin, tuajin dhe t\u00eb \u00e7do shqiptari. Dhe protestat kan\u00eb vendosur n\u00eb bangon e akuz\u00ebs publike nd\u00ebrkomb\u00ebtare, Edi Ram\u00ebn kreun e organizat\u00ebs kriminale dhe an\u00ebtar\u00ebt e tjer\u00eb t\u00eb k\u00ebsaj organizate.<br \/>\nJu dhe vet\u00eb e par\u00eb, por e rikthesoj p\u00ebrs\u00ebri se \u00e7far\u00eb lobimi antishqiptar b\u00ebn ky njeri, sa q\u00eb tenton t\u00eb bind\u00eb t\u00eb tjer\u00ebt sa nuk \u00ebsht\u00eb faji i qeveritar\u00ebve q\u00eb vjedhin, por \u00ebsht\u00eb faji i shqiptar\u00ebve q\u00eb pranojn\u00eb vjedhjen, se e kan\u00eb kultur\u00eb t\u00eb tyre, e kan\u00eb gen t\u00eb tyre, gj\u00eb e cila \u00ebsht\u00eb absolutisht raciz\u00ebm i past\u00ebr, antishqiptar dhe i pav\u00ebrtet\u00eb.<br \/>\nPra, ne me protesta ja dol\u00ebm t\u00eb realizojm\u00eb, t\u00eb p\u00ebrfaq\u00ebsojm\u00eb me dinjitet kombin dhe vendin ton\u00eb.<br \/>\nNatyrisht diversifikimi i tyre \u00ebsht\u00eb i domosdosh\u00ebm.<br \/>\nPor Fatos dua t\u00eb b\u00ebj me k\u00ebt\u00eb rast nj\u00eb sqarim, lidhur me shprehjen time, kilometri i fundit.<br \/>\nE kam th\u00ebn\u00eb me bindje t\u00eb plot\u00eb dhe e them p\u00ebrs\u00ebri se jemi n\u00eb kilometrin e fundit. Cili ka qen\u00eb dhe cili \u00ebsht\u00eb kuptimi i k\u00ebsaj fraze, apo k\u00ebtij koncepti.<br \/>\nKuptimi \u00ebsht\u00eb ky q\u00eb vijon: Ne si opozit\u00eb n\u00eb vitin 2021 ishim parashikuar nga Lulzim Brava dhe jo vet\u00ebm nga Lulzim Brava, por dhe nga t\u00eb tjer\u00eb t\u00eb ishim simot\u00ebr e PS-s\u00eb n\u00eb qeveri. Kjo \u00ebsht\u00eb e v\u00ebrteta, un\u00eb e kam publike prej koh\u00ebsh k\u00ebt\u00eb propozim, \u00e7ka do ishte drama m\u00eb e madhe p\u00ebr k\u00ebt\u00eb vend.<br \/>\nPasi kjo nuk realizua, u kalua n\u00eb nj\u00eb seri masash t\u00eb tjera, nga Edi Rama armik i eg\u00ebr i pluralizmit dhe demokracis\u00eb n\u00eb Shqip\u00ebri, por dhe mafia nd\u00ebrkomb\u00ebtare e Xhorxh Sorosit, armike e eg\u00ebr e demokracis\u00eb shqiptare por dhe e kombit shqiptar, e cila kishte te PD nj\u00eb kund\u00ebrshtare t\u00eb paepur t\u00eb projekteve t\u00eb tij antishqiptare, qoft\u00eb n\u00eb ndryshimin e kufijve dhe cop\u00ebtimin e Kosov\u00ebs, qoft\u00eb n\u00eb Ballkanin e Hapur, qoft\u00eb n\u00eb denoncimin e organizatave kriminale t\u00eb ekstremit t\u00eb majt\u00eb, t\u00eb spronsorizuara prej tij n\u00eb Shqip\u00ebri.<br \/>\nPra kjo ishte nj\u00eb betej\u00eb q\u00eb ne duhej ta b\u00ebnim dhe ne e b\u00ebm\u00eb k\u00ebt\u00eb betej\u00eb.<br \/>\nN\u00eb k\u00ebt\u00eb betej\u00eb si\u00e7 e di ti, u mor logoja dhe flamuri i partis\u00eb, u mor\u00eb simbolet e saj nga gjykat\u00ebs puthador\u00eb, armiq t\u00eb pluralizmit n\u00ebn ndikimin direkt t\u00eb Ram\u00ebs dhe faktor\u00ebve Sorosian\u00eb n\u00eb administrat\u00ebn e presidenti Joe Biden.<br \/>\nPor p\u00ebrs\u00ebri ne ia dol\u00ebm, t\u00eb rikthejm\u00eb me veprimet tona, ne ja dol\u00ebm.<br \/>\nPrap kishim kilometra p\u00ebr t\u00eb b\u00ebr\u00eb sepse, p\u00ebr fat t\u00eb keq, n\u00eb vitin 2021, kur zgjedhjet u faktuan fars\u00eb dhe un\u00eb e kam th\u00ebn\u00eb q\u00eb t\u00eb pasnes\u00ebrmen e tyre, n\u00eb shkrimin tim, \u2018Vota vdiq pa hyr\u00eb n\u00eb kuti\u2019, ish kryetari n\u00eb vend q\u00eb t\u00eb mbronte vot\u00ebn e qytetar\u00ebve, ai sulmoi Sali Berish\u00ebn s\u00eb bashku me Edi Ram\u00ebn dhe vraponte drejt koalicionit me k\u00ebt\u00eb t\u00eb fundit.<br \/>\nPra ne ja dol\u00ebm q\u00eb me librin e zi t\u00eb zgjedhjeve lokale t\u00eb 2023, t\u00eb penalizojm\u00eb Edi Ram\u00ebn, ta paraqesim para bot\u00ebs, jo vet\u00ebm si autori i narkoshtetit t\u00eb par\u00eb dhe t\u00eb vet\u00ebm n\u00eb Europ\u00eb, por si njeriu i fars\u00ebs s\u00eb zez\u00eb elektorale.<br \/>\nDhe mbi k\u00ebt\u00eb baz\u00eb, prap jemi n\u00eb kilometra rrug\u00eb, u miratuan 4 rezoluta nd\u00ebrkomb\u00ebtare q\u00eb d\u00ebnonin fars\u00ebn elektorale n\u00eb Shqip\u00ebri dhe paralajm\u00ebronin fars\u00ebn e 11 majit.<br \/>\nFarsa e 11 majit ishte farsa m\u00eb e sh\u00ebmtuar n\u00eb historin\u00eb e vendit. Edi Rama dhe lobist\u00ebt e tij b\u00ebn\u00eb p\u00ebrpjekjet m\u00eb t\u00eb jasht\u00ebzakonshme. Shpenzuan dhjet\u00ebra milion\u00eb euro e mos m\u00eb shum\u00eb, n\u00eb m\u00ebnyre q\u00eb zgjedhjet e 11 majit t\u00eb mos kualifikoheshin fars\u00eb.<br \/>\nNe b\u00ebm\u00eb t\u00eb gjitha p\u00ebrpjekjet dhe ja dol\u00ebm me fakte, dokumente e argumente t\u00eb pakund\u00ebrshtueshme t\u00eb faktojm\u00eb para shqiptar\u00ebve dhe bot\u00ebs, se zgjedhjet ishin farsa zgjedhore m\u00eb e sh\u00ebmtuar.<br \/>\nEdi Rama b\u00ebri gjith\u00e7ka p\u00ebr t\u00eb ndryshuar raportin. Ne ja dol\u00ebm, n\u00eb kilometrat tona q\u00eb b\u00ebm\u00eb, ne ja dol\u00ebm q\u00eb jo vet\u00ebm q\u00eb nuk arrit\u00ebn t\u00eb ndryshojn\u00eb raportin, por raporti p\u00ebrfundimtar ishte akoma m\u00eb i plot\u00eb dhe m\u00eb i p\u00ebrkeq\u00ebsuar se raporti fillestar, ndaj t\u00eb cilit luftoi Edi Rama.<br \/>\nPasi kryem t\u00eb gjitha k\u00ebto detyre n\u00eb udh\u00ebtimin ton\u00eb, un\u00eb kam deklaruar se, tani jemi n\u00eb kilometrin e fundit. \u00c7far\u00eb do t\u00eb thot\u00eb kilometri i fundit? Do t\u00eb thot\u00eb q\u00eb kemi vet\u00ebm nj\u00eb betej\u00eb dhe kjo betej\u00eb \u00ebsht\u00eb armiku \u00ebsht\u00eb Edi Rama, p\u00ebr ta p\u00ebrmbysur nga pushteti dhe t\u00eb shkojm\u00eb drejt zgjedhjeve t\u00eb lira.<br \/>\nMos harro se gjer n\u00eb kilometrin e fundit, ne u detyruam t\u00eb zhvillojm\u00eb shum\u00eb e shum\u00eb beteja, beteja q\u00eb ndofta n\u00eb historin\u00eb e Europ\u00ebs nuk i ka zhvilluar asnj\u00eb forc\u00eb politike demokratike.<\/p>\n","protected":false},"excerpt":{"rendered":"<p>Kryetari i PD, Sali Berisha tha se, Edi Rama ka lobuar te racist\u00ebt n\u00eb BE q\u00eb ta stigmatizojn\u00eb korrupsionin dhe ta paraqesin si problem kulturor t\u00eb shqiptar\u00ebve! Fatos Do\u00e7i: P\u00ebrsh\u00ebndetje Doktor, pyetja ime p\u00ebr ju \u00ebsht\u00eb, p\u00ebrse nuk ngujoheni ose brenda n\u00eb parlament ose \u00e7adrat para parlamentit ose kryeministris\u00eb? Me protesta nuk po arrijm\u00eb asgj\u00eb, &hellip;<\/p>\n","protected":false},"author":4,"featured_media":139081,"comment_status":"closed","ping_status":"closed","sticky":false,"template":"","format":"standard","meta":{"footnotes":""},"categories":[37],"tags":[],"class_list":["post-139080","post","type-post","status-publish","format-standard","has-post-thumbnail","","category-politike"],"_links":{"self":[{"href":"https:\/\/rdnews.al\/index.php\/wp-json\/wp\/v2\/posts\/139080","targetHints":{"allow":["GET"]}}],"collection":[{"href":"https:\/\/rdnews.al\/index.php\/wp-json\/wp\/v2\/posts"}],"about":[{"href":"https:\/\/rdnews.al\/index.php\/wp-json\/wp\/v2\/types\/post"}],"author":[{"embeddable":true,"href":"https:\/\/rdnews.al\/index.php\/wp-json\/wp\/v2\/users\/4"}],"replies":[{"embeddable":true,"href":"https:\/\/rdnews.al\/index.php\/wp-json\/wp\/v2\/comments?post=139080"}],"version-history":[{"count":1,"href":"https:\/\/rdnews.al\/index.php\/wp-json\/wp\/v2\/posts\/139080\/revisions"}],"predecessor-version":[{"id":139082,"href":"https:\/\/rdnews.al\/index.php\/wp-json\/wp\/v2\/posts\/139080\/revisions\/139082"}],"wp:featuredmedia":[{"embeddable":true,"href":"https:\/\/rdnews.al\/index.php\/wp-json\/wp\/v2\/media\/139081"}],"wp:attachment":[{"href":"https:\/\/rdnews.al\/index.php\/wp-json\/wp\/v2\/media?parent=139080"}],"wp:term":[{"taxonomy":"category","embeddable":true,"href":"https:\/\/rdnews.al\/index.php\/wp-json\/wp\/v2\/categories?post=139080"},{"taxonomy":"post_tag","embeddable":true,"href":"https:\/\/rdnews.al\/index.php\/wp-json\/wp\/v2\/tags?post=139080"}],"curies":[{"name":"wp","href":"https:\/\/api.w.org\/{rel}","templated":true}]}}