{"id":13909,"date":"2022-05-31T18:33:38","date_gmt":"2022-05-31T18:33:38","guid":{"rendered":"https:\/\/rdnews.al\/?p=13909"},"modified":"2022-05-31T18:33:38","modified_gmt":"2022-05-31T18:33:38","slug":"vokshi-votoi-ne-ppe-paloka-tani-duhet-ti-gelltisni-prape-te-pegerat-tuaja-mjerane","status":"publish","type":"post","link":"https:\/\/rdnews.al\/index.php\/2022\/05\/31\/vokshi-votoi-ne-ppe-paloka-tani-duhet-ti-gelltisni-prape-te-pegerat-tuaja-mjerane\/","title":{"rendered":"Vokshi votoi n\u00eb PPE\/ Paloka: Tani duhet t\u2019i g\u00eblltisni prap\u00eb t\u00eb p\u00ebg\u00ebrat tuaja, mjeran\u00eb!"},"content":{"rendered":"<p>Kryetari i K\u00ebshillit Komb\u00ebtar tw PD, Edi Paloka ka reaguar ashp\u00ebr pas mashtrimeve t\u00eb disa mediave dhe individ\u00ebve n\u00eb sh\u00ebrbim t\u00eb Edi Ram\u00ebs, t\u00eb cil\u00ebt deklaruan se, \u201cPD \u00ebsht\u00eb p\u00ebrjashtuar nga PPE dhe nuk kan\u00eb t\u00eb drejt\u00eb vote an\u00ebtar\u00ebt e Rithemelimit\u201d.<\/p>\n<p>\u2018Mashtrues ordiner\u00eb po dhe drit\u00ebshkurt\u00ebr&#8230; Tani duhet t\u2019i g\u00eblltisni prap\u00eb t\u00eb pegerat tuaja, mjeran\u00eb!, shkruan Paloka n\u00eb Facebook.<\/p>\n<p><strong>Postimi i Edi Palok\u00ebs<\/strong><\/p>\n<p>Mashtrues ordinere po dhe driteshkurter \u2026Fillimisht shpallen perjashtimin e PD\u00a0 \u201cper faj te Berishes\u201d, pastaj pezullimin, pastaj heqjen e te drejtes se votes e ne fund heqjen e se drejtes se votes \u201cvetem per Rithemelimin\u201d.<\/p>\n<p>Tani duhet t\u2019i gelltisni prape te pegerat tuaja, mjerane!<\/p>\n<p><img decoding=\"async\" src=\"https:\/\/www.syri.net\/uploads\/syri.net\/images\/2022\/May\/31\/auto_Screenshot_11654021131.jpg\" \/><\/p>\n","protected":false},"excerpt":{"rendered":"<p>Kryetari i K\u00ebshillit Komb\u00ebtar tw PD, Edi Paloka ka reaguar ashp\u00ebr pas mashtrimeve t\u00eb disa mediave dhe individ\u00ebve n\u00eb sh\u00ebrbim t\u00eb Edi Ram\u00ebs, t\u00eb cil\u00ebt deklaruan se, \u201cPD \u00ebsht\u00eb p\u00ebrjashtuar nga PPE dhe nuk kan\u00eb t\u00eb drejt\u00eb vote an\u00ebtar\u00ebt e Rithemelimit\u201d. \u2018Mashtrues ordiner\u00eb po dhe drit\u00ebshkurt\u00ebr&#8230; Tani duhet t\u2019i g\u00eblltisni prap\u00eb t\u00eb pegerat tuaja, mjeran\u00eb!, &hellip;<\/p>\n","protected":false},"author":4,"featured_media":0,"comment_status":"open","ping_status":"open","sticky":false,"template":"","format":"standard","meta":{"footnotes":""},"categories":[37],"tags":[],"class_list":["post-13909","post","type-post","status-publish","format-standard","","category-politike"],"_links":{"self":[{"href":"https:\/\/rdnews.al\/index.php\/wp-json\/wp\/v2\/posts\/13909","targetHints":{"allow":["GET"]}}],"collection":[{"href":"https:\/\/rdnews.al\/index.php\/wp-json\/wp\/v2\/posts"}],"about":[{"href":"https:\/\/rdnews.al\/index.php\/wp-json\/wp\/v2\/types\/post"}],"author":[{"embeddable":true,"href":"https:\/\/rdnews.al\/index.php\/wp-json\/wp\/v2\/users\/4"}],"replies":[{"embeddable":true,"href":"https:\/\/rdnews.al\/index.php\/wp-json\/wp\/v2\/comments?post=13909"}],"version-history":[{"count":0,"href":"https:\/\/rdnews.al\/index.php\/wp-json\/wp\/v2\/posts\/13909\/revisions"}],"wp:attachment":[{"href":"https:\/\/rdnews.al\/index.php\/wp-json\/wp\/v2\/media?parent=13909"}],"wp:term":[{"taxonomy":"category","embeddable":true,"href":"https:\/\/rdnews.al\/index.php\/wp-json\/wp\/v2\/categories?post=13909"},{"taxonomy":"post_tag","embeddable":true,"href":"https:\/\/rdnews.al\/index.php\/wp-json\/wp\/v2\/tags?post=13909"}],"curies":[{"name":"wp","href":"https:\/\/api.w.org\/{rel}","templated":true}]}}