{"id":13914,"date":"2022-05-31T19:41:58","date_gmt":"2022-05-31T19:41:58","guid":{"rendered":"https:\/\/rdnews.al\/?p=13914"},"modified":"2022-05-31T20:02:23","modified_gmt":"2022-05-31T20:02:23","slug":"kellici-jemi-ne-kongresin-e-ppe-na-marshin-te-keqen-rama-fuga-basha-e-shoqata-gaz-bardhi","status":"publish","type":"post","link":"https:\/\/rdnews.al\/index.php\/2022\/05\/31\/kellici-jemi-ne-kongresin-e-ppe-na-marshin-te-keqen-rama-fuga-basha-e-shoqata-gaz-bardhi\/","title":{"rendered":"K\u00eblli\u00e7i: Jemi n\u00eb kongresin e PPE! Na marshin t\u00eb keqen Rama, Fuga, Basha e shoqata Gaz Bardhi!"},"content":{"rendered":"<p>Deputeti i PD, Belind K\u00eblli\u00e7i nga Rotterdami komentoi thashethemet se PPE ka p\u00ebrjashtuar PD-n\u00eb p\u00ebr shkak t\u00eb situat\u00ebs n\u00eb t\u00eb cil\u00ebn ndodhet. K\u00eblli\u00e7i tha se, e gjitha \u00ebsht\u00eb nj\u00eb \u00e7menduri kolektive.<\/p>\n<p>Ai shtoi se zyra e PR e Ram\u00ebs, Fug\u00ebs, Bash\u00ebs e shoqat\u00ebs s\u00eb Bardhit i marshin t\u00eb keqen pasi ndodhet n\u00eb kongres si p\u00ebrfaq\u00ebsues i PD, s\u00ebbashku me Vokshin, Pollon e Tabakun.<\/p>\n<p>&#8220;I marrt\u00eb t\u00eb keqen zyra e PR t\u00eb Ram\u00ebs e Fug\u00ebs, makineris\u00eb s\u00eb balt\u00ebs s\u00eb Bash\u00ebs e shoqat\u00ebs s\u00eb Gaz Bardhit. Jam pa fjal\u00eb me k\u00ebto q\u00eb kam lexuar n\u00eb media.<\/p>\n<p>Jam n\u00eb Rotterdam, samitin e Partis\u00eb Popullore Europiane n\u00eb kongres. Aktualisht jam futur n\u00eb nj\u00eb nga sallat ku jan\u00eb zhvilluar disa aktivitete.<\/p>\n<p>PD p\u00ebr shkak t\u00eb situat\u00ebs aktuale dhe ng\u00ebr\u00e7it gjyq\u00ebsor, k\u00ebt\u00eb radh\u00eb, u vendos nga EPP q\u00eb PD p\u00ebr k\u00ebt\u00eb situat\u00eb t\u00eb mos p\u00ebrfaq\u00ebsohej nga nj\u00eb delegacion zyrtar.<\/p>\n<p>PD, n\u00eb kat\u00ebr karriget e saj, v\u00ebndet p\u00ebr kat\u00ebr delegat\u00eb, ka zero delegat\u00eb t\u00eb ulur.\u00a0Ndodhem un\u00eb, Tabaku, Pollo dhe Bogdani. Kemi ardhur si p\u00ebrfaq\u00ebsues\u201d, tha K\u00eblli\u00e7i.<\/p>\n","protected":false},"excerpt":{"rendered":"<p>Deputeti i PD, Belind K\u00eblli\u00e7i nga Rotterdami komentoi thashethemet se PPE ka p\u00ebrjashtuar PD-n\u00eb p\u00ebr shkak t\u00eb situat\u00ebs n\u00eb t\u00eb cil\u00ebn ndodhet. K\u00eblli\u00e7i tha se, e gjitha \u00ebsht\u00eb nj\u00eb \u00e7menduri kolektive. Ai shtoi se zyra e PR e Ram\u00ebs, Fug\u00ebs, Bash\u00ebs e shoqat\u00ebs s\u00eb Bardhit i marshin t\u00eb keqen pasi ndodhet n\u00eb kongres si p\u00ebrfaq\u00ebsues &hellip;<\/p>\n","protected":false},"author":4,"featured_media":13915,"comment_status":"open","ping_status":"open","sticky":false,"template":"","format":"standard","meta":{"footnotes":""},"categories":[37],"tags":[],"class_list":["post-13914","post","type-post","status-publish","format-standard","has-post-thumbnail","","category-politike"],"_links":{"self":[{"href":"https:\/\/rdnews.al\/index.php\/wp-json\/wp\/v2\/posts\/13914","targetHints":{"allow":["GET"]}}],"collection":[{"href":"https:\/\/rdnews.al\/index.php\/wp-json\/wp\/v2\/posts"}],"about":[{"href":"https:\/\/rdnews.al\/index.php\/wp-json\/wp\/v2\/types\/post"}],"author":[{"embeddable":true,"href":"https:\/\/rdnews.al\/index.php\/wp-json\/wp\/v2\/users\/4"}],"replies":[{"embeddable":true,"href":"https:\/\/rdnews.al\/index.php\/wp-json\/wp\/v2\/comments?post=13914"}],"version-history":[{"count":0,"href":"https:\/\/rdnews.al\/index.php\/wp-json\/wp\/v2\/posts\/13914\/revisions"}],"wp:featuredmedia":[{"embeddable":true,"href":"https:\/\/rdnews.al\/index.php\/wp-json\/wp\/v2\/media\/13915"}],"wp:attachment":[{"href":"https:\/\/rdnews.al\/index.php\/wp-json\/wp\/v2\/media?parent=13914"}],"wp:term":[{"taxonomy":"category","embeddable":true,"href":"https:\/\/rdnews.al\/index.php\/wp-json\/wp\/v2\/categories?post=13914"},{"taxonomy":"post_tag","embeddable":true,"href":"https:\/\/rdnews.al\/index.php\/wp-json\/wp\/v2\/tags?post=13914"}],"curies":[{"name":"wp","href":"https:\/\/api.w.org\/{rel}","templated":true}]}}