{"id":139347,"date":"2026-03-31T16:47:38","date_gmt":"2026-03-31T16:47:38","guid":{"rendered":"https:\/\/rdnews.al\/?p=139347"},"modified":"2026-03-31T17:02:20","modified_gmt":"2026-03-31T17:02:20","slug":"takimi-me-anetaret-e-asamblese-se-ke-berisha-i-informova-se-si-parlamenti-shqiptar-fsheh-ftesat-per-opoziten-dhe-lidhet-balles-me-krimin","status":"publish","type":"post","link":"https:\/\/rdnews.al\/index.php\/2026\/03\/31\/takimi-me-anetaret-e-asamblese-se-ke-berisha-i-informova-se-si-parlamenti-shqiptar-fsheh-ftesat-per-opoziten-dhe-lidhet-balles-me-krimin\/","title":{"rendered":"Takimi\/ Berisha: I informova se si parlamenti shqiptar fsheh ftesat p\u00ebr opozit\u00ebn dhe lidhjet e Ball\u00ebs me krimin"},"content":{"rendered":"<p>Kryetari i PD, Sali Berisha i shoq\u00ebruar nga kreu i grupit parlamentar, Gazment Bardhi dhe deputetja Albana Vokshi kan\u00eb zhvilluar nj\u00eb takim me dy an\u00ebtar\u00eb t\u00eb Asambles\u00eb Parlamentare t\u00eb K\u00ebshillit t\u00eb Europ\u00ebs, t\u00eb cil\u00ebt kan\u00eb ardhur n\u00eb Tiran\u00eb si raporter\u00eb n\u00eb faz\u00ebn e post monitorimit.<\/p>\n<p>Duke folur p\u00ebr gazetar\u00ebt, Berisha u shpreh se, kishte informuar an\u00ebtar\u00ebt e Asambles\u00eb, se si parlamenti i Shqip\u00ebris\u00eb i fsheh opozit\u00ebs ftesat p\u00ebr takimet me delegacionet, dhe se si n\u00eb krye t\u00eb delegacionit shqiptar n\u00eb Asamblen\u00eb Parlamentare t\u00eb KE-s\u00eb \u00ebsht\u00eb jn\u00eb falsifikatore si Olta Xha\u00e7ka.<\/p>\n<p><strong>Berisha:<\/strong> Zhvilluam nj\u00eb takim me dy p\u00ebrfaq\u00ebsuesit e Asambles\u00eb Parlamentare t\u00eb K\u00ebshillit t\u00eb Europ\u00ebs, t\u00eb ngarkuar dhe t\u00eb p\u00ebrzgjedhur nga kjo asamble si reporter p\u00ebr Shqip\u00ebrin\u00eb n\u00eb faz\u00ebn e post monitorimit.<\/p>\n<p>Pat\u00ebm nj\u00eb takim t\u00eb hapur ku un\u00eb informova, informova p\u00ebrfaq\u00ebsuesit e asambles\u00eb parlamentare t\u00eb K\u00ebshillit t\u00eb Europ\u00ebs, se parlamenti shqiptar n\u00eb m\u00ebnyr\u00ebn m\u00eb banditeske nuk njofton an\u00ebtar\u00ebt e delegacionit t\u00eb t\u00eb parlamentit shqiptar n\u00eb Asamblen\u00eb Parlamentare t\u00eb K\u00ebshillit t\u00eb Europ\u00ebs p\u00ebr takimet e k\u00ebrkuara nga an\u00ebtar\u00ebt e delegacionit.<\/p>\n<p>Dhe se kryetarja e delegacionit shqiptar n\u00eb Asamblen\u00eb Parlamentare t\u00eb K\u00ebshillit t\u00eb Europ\u00ebs \u00ebsht\u00eb nj\u00eb hajdute me \u00e7izme, e cila, e cila pasi ka vjedhur me t\u00eb shoqin 10.000 met\u00ebr katror truall n\u00eb bregun jon\u00eb, duke e paraqitur me dokumente t\u00eb falsifikuara si pron\u00eb e t\u00eb shoqit, rezulton se ishte pron\u00eb publike dhe kryetari i bashkis\u00eb futet n\u00eb burg, kurse Olta e anturazhit t\u00eb Edi Ram\u00ebs, d\u00ebrgohet kryetare e delegacionit t\u00eb deputet\u00ebve shqiptar\u00eb n\u00eb asamblen\u00eb parlamentare t\u00eb K\u00ebshillit t\u00eb Europ\u00ebs.<\/p>\n<p>Akt i turpsh\u00ebm nd\u00ebrkomb\u00ebtar. N\u00eb k\u00ebt\u00eb takim, miqt\u00eb e ardhur p\u00ebr t\u00eb ndjekur procedur\u00ebn e post monitorimit, un\u00eb i informova se Shqip\u00ebria ka p\u00ebsuar pas heqjes s\u00eb monitorimit kthimin mbrapa m\u00eb t\u00eb madh n\u00eb 32 vite.<\/p>\n<p>Dhe aty u ndala gjer\u00ebsisht n\u00eb sundimin, n\u00eb lidhjet e tmerrshme me krimin. I informova p\u00ebr lidhjet direkte t\u00eb Taulant Ball\u00ebs me bandat e me kartelet e drog\u00ebs, me d\u00ebshmi n\u00eb gjykatat e vendit se si ai \u00ebsht\u00eb akuzuar pse ka porositur vrasje n\u00eb, dhe jan\u00eb djegur dokumentet me proces verbale, se si ai ka komunikuar me kartelin \u00c7elaj p\u00ebr t\u00eb arrestuar bandat paralele dhe sot si shp\u00ebrblim ai kryeson grupin parlamentar t\u00eb Partis\u00eb Socialiste.<\/p>\n","protected":false},"excerpt":{"rendered":"<p>Kryetari i PD, Sali Berisha i shoq\u00ebruar nga kreu i grupit parlamentar, Gazment Bardhi dhe deputetja Albana Vokshi kan\u00eb zhvilluar nj\u00eb takim me dy an\u00ebtar\u00eb t\u00eb Asambles\u00eb Parlamentare t\u00eb K\u00ebshillit t\u00eb Europ\u00ebs, t\u00eb cil\u00ebt kan\u00eb ardhur n\u00eb Tiran\u00eb si raporter\u00eb n\u00eb faz\u00ebn e post monitorimit. Duke folur p\u00ebr gazetar\u00ebt, Berisha u shpreh se, kishte informuar &hellip;<\/p>\n","protected":false},"author":4,"featured_media":139348,"comment_status":"closed","ping_status":"closed","sticky":false,"template":"","format":"standard","meta":{"footnotes":""},"categories":[37],"tags":[],"class_list":["post-139347","post","type-post","status-publish","format-standard","has-post-thumbnail","","category-politike"],"_links":{"self":[{"href":"https:\/\/rdnews.al\/index.php\/wp-json\/wp\/v2\/posts\/139347","targetHints":{"allow":["GET"]}}],"collection":[{"href":"https:\/\/rdnews.al\/index.php\/wp-json\/wp\/v2\/posts"}],"about":[{"href":"https:\/\/rdnews.al\/index.php\/wp-json\/wp\/v2\/types\/post"}],"author":[{"embeddable":true,"href":"https:\/\/rdnews.al\/index.php\/wp-json\/wp\/v2\/users\/4"}],"replies":[{"embeddable":true,"href":"https:\/\/rdnews.al\/index.php\/wp-json\/wp\/v2\/comments?post=139347"}],"version-history":[{"count":3,"href":"https:\/\/rdnews.al\/index.php\/wp-json\/wp\/v2\/posts\/139347\/revisions"}],"predecessor-version":[{"id":139356,"href":"https:\/\/rdnews.al\/index.php\/wp-json\/wp\/v2\/posts\/139347\/revisions\/139356"}],"wp:featuredmedia":[{"embeddable":true,"href":"https:\/\/rdnews.al\/index.php\/wp-json\/wp\/v2\/media\/139348"}],"wp:attachment":[{"href":"https:\/\/rdnews.al\/index.php\/wp-json\/wp\/v2\/media?parent=139347"}],"wp:term":[{"taxonomy":"category","embeddable":true,"href":"https:\/\/rdnews.al\/index.php\/wp-json\/wp\/v2\/categories?post=139347"},{"taxonomy":"post_tag","embeddable":true,"href":"https:\/\/rdnews.al\/index.php\/wp-json\/wp\/v2\/tags?post=139347"}],"curies":[{"name":"wp","href":"https:\/\/api.w.org\/{rel}","templated":true}]}}