{"id":139369,"date":"2026-04-01T08:23:55","date_gmt":"2026-04-01T08:23:55","guid":{"rendered":"https:\/\/rdnews.al\/?p=139369"},"modified":"2026-04-01T08:23:55","modified_gmt":"2026-04-01T08:23:55","slug":"plagosen-dy-efektive-policie-gjate-nje-operacioni-ne-vlore","status":"publish","type":"post","link":"https:\/\/rdnews.al\/index.php\/2026\/04\/01\/plagosen-dy-efektive-policie-gjate-nje-operacioni-ne-vlore\/","title":{"rendered":"Plagosen dy efektiv\u00eb policie gjat\u00eb nj\u00eb operacioni n\u00eb Vlor\u00eb"},"content":{"rendered":"<p>Nj\u00eb aksion policor i zhvilluar gjat\u00eb nat\u00ebs n\u00eb qytetin e Vlor\u00ebs, \u00ebsht\u00eb shoq\u00ebruar me ndjekje dhe p\u00ebrplasje, duke l\u00ebn\u00eb t\u00eb plagosur dy efektiv\u00eb policie.<\/p>\n<p>Sipas t\u00eb dh\u00ebnave paraprake, policia ka tentuar t\u00eb ndaloj\u00eb nj\u00eb automjet, por drejtuesi i tij nuk i \u00ebsht\u00eb bindur urdhrit p\u00ebr ndalim, duke u larguar me shpejt\u00ebsi.<\/p>\n<p>Ndjekja ka vijuar n\u00eb disa lagje t\u00eb qytetit dhe ka p\u00ebrfunduar te Bulevardi &#8220;Ismail Qemali&#8221;, ku forcat e policis\u00eb kishin organizuar nj\u00eb tjet\u00ebr pik\u00eb bllokimi.<\/p>\n<p>Gjat\u00eb nd\u00ebrhyrjes, nj\u00eb automjet policie q\u00eb ishte pozicionuar p\u00ebr t\u00eb ndaluar makin\u00ebn tip \u201cGolf\u201d \u00ebsht\u00eb p\u00ebrplasur, duke shkaktuar plagosjen e dy efektiv\u00ebve.<\/p>\n<p>T\u00eb plagosurit jan\u00eb transportuar n\u00eb spital dhe ndodhen n\u00ebn kujdesin e mjek\u00ebve, jasht\u00eb rrezikut p\u00ebr jet\u00ebn.<\/p>\n<p>Policia po vijon hetimet p\u00ebr t\u00eb sqaruar rrethanat e plota t\u00eb ngjarjes dhe p\u00ebr t\u00eb identifikuar p\u00ebrgjegj\u00ebsit.<\/p>\n","protected":false},"excerpt":{"rendered":"<p>Nj\u00eb aksion policor i zhvilluar gjat\u00eb nat\u00ebs n\u00eb qytetin e Vlor\u00ebs, \u00ebsht\u00eb shoq\u00ebruar me ndjekje dhe p\u00ebrplasje, duke l\u00ebn\u00eb t\u00eb plagosur dy efektiv\u00eb policie. Sipas t\u00eb dh\u00ebnave paraprake, policia ka tentuar t\u00eb ndaloj\u00eb nj\u00eb automjet, por drejtuesi i tij nuk i \u00ebsht\u00eb bindur urdhrit p\u00ebr ndalim, duke u larguar me shpejt\u00ebsi. Ndjekja ka vijuar n\u00eb &hellip;<\/p>\n","protected":false},"author":4,"featured_media":139370,"comment_status":"closed","ping_status":"closed","sticky":false,"template":"","format":"standard","meta":{"footnotes":""},"categories":[37],"tags":[],"class_list":["post-139369","post","type-post","status-publish","format-standard","has-post-thumbnail","","category-politike"],"_links":{"self":[{"href":"https:\/\/rdnews.al\/index.php\/wp-json\/wp\/v2\/posts\/139369","targetHints":{"allow":["GET"]}}],"collection":[{"href":"https:\/\/rdnews.al\/index.php\/wp-json\/wp\/v2\/posts"}],"about":[{"href":"https:\/\/rdnews.al\/index.php\/wp-json\/wp\/v2\/types\/post"}],"author":[{"embeddable":true,"href":"https:\/\/rdnews.al\/index.php\/wp-json\/wp\/v2\/users\/4"}],"replies":[{"embeddable":true,"href":"https:\/\/rdnews.al\/index.php\/wp-json\/wp\/v2\/comments?post=139369"}],"version-history":[{"count":1,"href":"https:\/\/rdnews.al\/index.php\/wp-json\/wp\/v2\/posts\/139369\/revisions"}],"predecessor-version":[{"id":139371,"href":"https:\/\/rdnews.al\/index.php\/wp-json\/wp\/v2\/posts\/139369\/revisions\/139371"}],"wp:featuredmedia":[{"embeddable":true,"href":"https:\/\/rdnews.al\/index.php\/wp-json\/wp\/v2\/media\/139370"}],"wp:attachment":[{"href":"https:\/\/rdnews.al\/index.php\/wp-json\/wp\/v2\/media?parent=139369"}],"wp:term":[{"taxonomy":"category","embeddable":true,"href":"https:\/\/rdnews.al\/index.php\/wp-json\/wp\/v2\/categories?post=139369"},{"taxonomy":"post_tag","embeddable":true,"href":"https:\/\/rdnews.al\/index.php\/wp-json\/wp\/v2\/tags?post=139369"}],"curies":[{"name":"wp","href":"https:\/\/api.w.org\/{rel}","templated":true}]}}