{"id":139408,"date":"2026-04-01T12:05:29","date_gmt":"2026-04-01T12:05:29","guid":{"rendered":"https:\/\/rdnews.al\/?p=139408"},"modified":"2026-04-01T12:05:29","modified_gmt":"2026-04-01T12:05:29","slug":"berisha-rama-behet-deshmitar-i-rreme-i-pasurive-te-mirlindes-se-akshi-t-sepse-linda-e-vertete-e-akshi-t-eshte-linda-e-surrelit","status":"publish","type":"post","link":"https:\/\/rdnews.al\/index.php\/2026\/04\/01\/berisha-rama-behet-deshmitar-i-rreme-i-pasurive-te-mirlindes-se-akshi-t-sepse-linda-e-vertete-e-akshi-t-eshte-linda-e-surrelit\/","title":{"rendered":"Berisha: Rama b\u00ebhet d\u00ebshmitar i rrem\u00eb i pasurive t\u00eb Mirlind\u00ebs s\u00eb AKSHI-t sepse Linda e v\u00ebrtet\u00eb e AKSHI-t \u00ebsht\u00eb Linda e Surrelit"},"content":{"rendered":"<p><strong>Berisha:<\/strong> Nd\u00ebrkoh\u00eb ju e d\u00ebgjuat se Edi Rama sillet nga Linda tek Belinda, nga Belinda tek Linda.<br \/>\nKjo \u00ebsht\u00eb e v\u00ebrteta.<br \/>\nTani, ky d\u00ebshmitar i rrem\u00eb u tha shqiptar\u00ebve se Mirlinda e AKSHI-t, e gjora q\u00eb na banonte n\u00eb nj\u00eb sht\u00ebpi me qira. Kaq e gjor\u00eb ishte.<br \/>\nD\u00ebshmi absolute t\u00eb besueshme t\u00eb njer\u00ebzve bashk\u00ebpun\u00ebtor\u00ebve m\u00eb t\u00eb ngusht\u00eb t\u00eb saj, t\u00eb atij q\u00eb e ka marr\u00eb shofer dhe e ka b\u00ebr\u00eb z\u00ebvend\u00ebsdrejtor t\u00eb p\u00ebrgjithsh\u00ebm, del se zonja ka dy vila n\u00eb Palas\u00eb dhe nj\u00eb vil\u00eb n\u00eb Qerret dhe apartamente n\u00eb Tiran\u00eb.<br \/>\n\u00c7\u00ebshtja shtrohet, a thirret n\u00eb SKAP ky d\u00ebshmitar i rrem\u00eb q\u00eb mashtron shqiptar\u00ebt dhe u thot\u00eb se ajo \u00ebsht\u00eb kaq e varf\u00ebr sa banon me qira?<br \/>\nNatyrisht ai nuk pranon t\u00eb shkoj\u00eb, por shqiptar\u00ebt duhet ta din\u00eb.<br \/>\nDhe tani pse Edi Rama detyrohet t\u00eb b\u00ebhet d\u00ebshmitar i rrem\u00eb i pasurive t\u00eb Mirlind\u00ebs?<br \/>\nNj\u00eb njeri mizogjen dhe brutal, \u00e7far\u00eb e shtyn at\u00eb t\u00eb b\u00ebhet avokat i Mirlind\u00ebs?<br \/>\nAt\u00eb e shtyn fakti se Linda e v\u00ebrtet\u00eb e AKSHI-t \u00ebsht\u00eb Linda e Surrelit.<br \/>\nK\u00ebtu \u00ebsht\u00eb i gjith\u00eb problemi.<br \/>\nKjo \u00ebsht\u00eb absolutisht e v\u00ebrteta.<br \/>\nSe Mirlinda e AKSHI-t ka qen\u00eb thjesht nj\u00eb zbatuese p\u00ebr arsye se AKSHI-n, de facto e ka drejtuar Linda e Surrelit, Ergys Agasi dhe baxhanaku i Edi Ram\u00ebs, Frangu.<br \/>\nPra, rezulton se edhe kjo mbrojtje q\u00eb i b\u00ebn Edi Rama, Mirlind\u00ebs s\u00eb AKSHI-t, \u00ebsht\u00eb p\u00ebr interesa strikt familjare.<br \/>\nDhe kemi t\u00eb b\u00ebjm\u00eb me nj\u00eb p\u00ebrpjekje tjet\u00ebr p\u00ebr t\u00eb groposur nj\u00eb \u00e7\u00ebshtje, e cila jo n\u00eb p\u00ebrmasa financiare, por n\u00eb p\u00ebrmasa t\u00ebr\u00ebsore, financiare, ligjore, mafioze, tejkalon \u00e7do afer\u00eb tjet\u00ebr t\u00eb k\u00ebtij vendi dhe ndonj\u00eb vendi tjet\u00ebr.<br \/>\nMegjithat\u00eb, deri tani, dosja \u00ebsht\u00eb turshi.<br \/>\nErgys Agasi \u00ebsht\u00eb i lir\u00eb.<br \/>\nQytetari dixhital thot\u00eb se shkon edhe n\u00eb Surrel.<\/p>\n","protected":false},"excerpt":{"rendered":"<p>Berisha: Nd\u00ebrkoh\u00eb ju e d\u00ebgjuat se Edi Rama sillet nga Linda tek Belinda, nga Belinda tek Linda. Kjo \u00ebsht\u00eb e v\u00ebrteta. Tani, ky d\u00ebshmitar i rrem\u00eb u tha shqiptar\u00ebve se Mirlinda e AKSHI-t, e gjora q\u00eb na banonte n\u00eb nj\u00eb sht\u00ebpi me qira. Kaq e gjor\u00eb ishte. D\u00ebshmi absolute t\u00eb besueshme t\u00eb njer\u00ebzve bashk\u00ebpun\u00ebtor\u00ebve m\u00eb &hellip;<\/p>\n","protected":false},"author":4,"featured_media":139409,"comment_status":"closed","ping_status":"closed","sticky":false,"template":"","format":"standard","meta":{"footnotes":""},"categories":[37],"tags":[],"class_list":["post-139408","post","type-post","status-publish","format-standard","has-post-thumbnail","","category-politike"],"_links":{"self":[{"href":"https:\/\/rdnews.al\/index.php\/wp-json\/wp\/v2\/posts\/139408","targetHints":{"allow":["GET"]}}],"collection":[{"href":"https:\/\/rdnews.al\/index.php\/wp-json\/wp\/v2\/posts"}],"about":[{"href":"https:\/\/rdnews.al\/index.php\/wp-json\/wp\/v2\/types\/post"}],"author":[{"embeddable":true,"href":"https:\/\/rdnews.al\/index.php\/wp-json\/wp\/v2\/users\/4"}],"replies":[{"embeddable":true,"href":"https:\/\/rdnews.al\/index.php\/wp-json\/wp\/v2\/comments?post=139408"}],"version-history":[{"count":1,"href":"https:\/\/rdnews.al\/index.php\/wp-json\/wp\/v2\/posts\/139408\/revisions"}],"predecessor-version":[{"id":139410,"href":"https:\/\/rdnews.al\/index.php\/wp-json\/wp\/v2\/posts\/139408\/revisions\/139410"}],"wp:featuredmedia":[{"embeddable":true,"href":"https:\/\/rdnews.al\/index.php\/wp-json\/wp\/v2\/media\/139409"}],"wp:attachment":[{"href":"https:\/\/rdnews.al\/index.php\/wp-json\/wp\/v2\/media?parent=139408"}],"wp:term":[{"taxonomy":"category","embeddable":true,"href":"https:\/\/rdnews.al\/index.php\/wp-json\/wp\/v2\/categories?post=139408"},{"taxonomy":"post_tag","embeddable":true,"href":"https:\/\/rdnews.al\/index.php\/wp-json\/wp\/v2\/tags?post=139408"}],"curies":[{"name":"wp","href":"https:\/\/api.w.org\/{rel}","templated":true}]}}