{"id":139462,"date":"2026-04-02T10:44:21","date_gmt":"2026-04-02T10:44:21","guid":{"rendered":"https:\/\/rdnews.al\/?p=139462"},"modified":"2026-04-02T12:35:24","modified_gmt":"2026-04-02T12:35:24","slug":"plarent-ndreca-paraqitet-ne-spak-si-i-pandehur","status":"publish","type":"post","link":"https:\/\/rdnews.al\/index.php\/2026\/04\/02\/plarent-ndreca-paraqitet-ne-spak-si-i-pandehur\/","title":{"rendered":"Plarent Ndreca thirret n\u00eb SPAK si i pandehur"},"content":{"rendered":"<p>Ish-deputeti socialist, Plarent Ndreca, \u00ebsht\u00eb paraqitur k\u00ebt\u00eb t\u00eb enjte n\u00eb ambientet e Prokuroris\u00eb s\u00eb Posa\u00e7me AntiKorrupsion. K\u00ebt\u00eb her\u00eb, jo si avokat i kryebashkiakut t\u00eb Tiran\u00ebs, Erion Veliaj, por n\u00eb cil\u00ebsin\u00eb e t\u00eb pandehurit.<\/p>\n<p>Ai akuzohet p\u00ebr vepr\u00ebn penale t\u00eb \u201cshkeljes s\u00eb barazis\u00eb n\u00eb tendera\u201d gjat\u00eb koh\u00ebs kur ka qen\u00eb Sekretar i P\u00ebrgjithsh\u00ebm i Ministris\u00eb s\u00eb Brendshme. Akuz\u00eb, q\u00eb i komunikua n\u00eb tetor t\u00eb vitit 2024.<\/p>\n<p>Sipas SPAK, n\u00eb periudh\u00ebn 2019-2020, ka dyshime se Ndreca ka p\u00ebrfituar nga tenderi i rikonstruksionit t\u00eb kat\u00ebr komisariateve n\u00eb vend. Ai u kall\u00ebzua nga Kontrolli i Lart\u00eb i Shtetit, q\u00eb pas auditimit t\u00eb b\u00ebr\u00eb, konstatoi fryrje t\u00eb kostos reale t\u00eb prokurimit publik, q\u00eb p\u00ebrfshinte komisariatin e Mirdit\u00ebs, komisariatin, nr.4 t\u00eb kryeqytetit, at\u00eb t\u00eb Vlor\u00ebs e Pogradecit.<\/p>\n","protected":false},"excerpt":{"rendered":"<p>Ish-deputeti socialist, Plarent Ndreca, \u00ebsht\u00eb paraqitur k\u00ebt\u00eb t\u00eb enjte n\u00eb ambientet e Prokuroris\u00eb s\u00eb Posa\u00e7me AntiKorrupsion. K\u00ebt\u00eb her\u00eb, jo si avokat i kryebashkiakut t\u00eb Tiran\u00ebs, Erion Veliaj, por n\u00eb cil\u00ebsin\u00eb e t\u00eb pandehurit. Ai akuzohet p\u00ebr vepr\u00ebn penale t\u00eb \u201cshkeljes s\u00eb barazis\u00eb n\u00eb tendera\u201d gjat\u00eb koh\u00ebs kur ka qen\u00eb Sekretar i P\u00ebrgjithsh\u00ebm i Ministris\u00eb s\u00eb &hellip;<\/p>\n","protected":false},"author":4,"featured_media":139490,"comment_status":"closed","ping_status":"closed","sticky":false,"template":"","format":"standard","meta":{"footnotes":""},"categories":[37],"tags":[],"class_list":["post-139462","post","type-post","status-publish","format-standard","has-post-thumbnail","","category-politike"],"_links":{"self":[{"href":"https:\/\/rdnews.al\/index.php\/wp-json\/wp\/v2\/posts\/139462","targetHints":{"allow":["GET"]}}],"collection":[{"href":"https:\/\/rdnews.al\/index.php\/wp-json\/wp\/v2\/posts"}],"about":[{"href":"https:\/\/rdnews.al\/index.php\/wp-json\/wp\/v2\/types\/post"}],"author":[{"embeddable":true,"href":"https:\/\/rdnews.al\/index.php\/wp-json\/wp\/v2\/users\/4"}],"replies":[{"embeddable":true,"href":"https:\/\/rdnews.al\/index.php\/wp-json\/wp\/v2\/comments?post=139462"}],"version-history":[{"count":2,"href":"https:\/\/rdnews.al\/index.php\/wp-json\/wp\/v2\/posts\/139462\/revisions"}],"predecessor-version":[{"id":139464,"href":"https:\/\/rdnews.al\/index.php\/wp-json\/wp\/v2\/posts\/139462\/revisions\/139464"}],"wp:featuredmedia":[{"embeddable":true,"href":"https:\/\/rdnews.al\/index.php\/wp-json\/wp\/v2\/media\/139490"}],"wp:attachment":[{"href":"https:\/\/rdnews.al\/index.php\/wp-json\/wp\/v2\/media?parent=139462"}],"wp:term":[{"taxonomy":"category","embeddable":true,"href":"https:\/\/rdnews.al\/index.php\/wp-json\/wp\/v2\/categories?post=139462"},{"taxonomy":"post_tag","embeddable":true,"href":"https:\/\/rdnews.al\/index.php\/wp-json\/wp\/v2\/tags?post=139462"}],"curies":[{"name":"wp","href":"https:\/\/api.w.org\/{rel}","templated":true}]}}