{"id":139465,"date":"2026-04-02T10:48:52","date_gmt":"2026-04-02T10:48:52","guid":{"rendered":"https:\/\/rdnews.al\/?p=139465"},"modified":"2026-04-02T10:48:52","modified_gmt":"2026-04-02T10:48:52","slug":"berisha-demokratet-nuk-mund-te-jepen-me-qira-dhe-nuk-mund-ti-sherbejne-partise-se-krimit","status":"publish","type":"post","link":"https:\/\/rdnews.al\/index.php\/2026\/04\/02\/berisha-demokratet-nuk-mund-te-jepen-me-qira-dhe-nuk-mund-ti-sherbejne-partise-se-krimit\/","title":{"rendered":"Berisha: Demokrat\u00ebt nuk mund t\u00eb jepen me qira dhe nuk mund t\u2019i sh\u00ebrbejn\u00eb partis\u00eb s\u00eb krimit"},"content":{"rendered":"<p><strong>Gazetar\u00ebt: Z. Berisha, meqen\u00ebse e p\u00ebrmend\u00ebt z. Beci, ua kan\u00eb faturuar jo pak se e keni pasur p\u00ebr 10 vite si bashk\u00ebpun\u00ebtor tuajin n\u00eb drejtimin e Fondit Shqiptar, madje n\u00eb fushat\u00eb zoti Rama e ka p\u00ebrmendur jo pak her\u00eb si demokrat, si\u00e7 po e shohim koh\u00ebt e fundit edhe shum\u00eb t\u00eb tjer\u00eb po i merr n\u00eb gjirin e tij?<\/strong><\/p>\n<p><strong>Sali Berisha:<\/strong> Tani, po m\u00eb pyete p\u00ebr demokrat\u00ebt, un\u00eb t\u00eb p\u00ebrgjigjem, po m\u00eb pyete p\u00ebr ata q\u00eb jepen me qira, un\u00eb nuk kam pun\u00eb me ata. Ata qofshin.<\/p>\n<p><strong>Gazetar\u00ebt: E ke dh\u00ebn\u00eb me qira?<\/strong><\/p>\n<p><strong>Sali Berisha:<\/strong> Ata japin veten me qira dhe dalin e b\u00ebrtasin. Un\u00eb nuk them q\u00eb nuk ka qen\u00eb, por problemi \u00ebsht\u00eb se ai \u00ebsht\u00eb kapur me presh n\u00eb dor\u00eb duke vjedhur dhe rri e drejton bashkin\u00eb.<br \/>\nPo pse? Se Rama ka vjedhur 10 her\u00eb e 100 her\u00eb m\u00eb shum\u00eb. K\u00ebta jan\u00eb hajdut\u00eb zinxhir\u00eb q\u00eb po e shnd\u00ebrrojn\u00eb vjedhjen n\u00eb legjitimitet edhe kur dalin dokumentet e \u00e7do gj\u00eb.<\/p>\n<p><strong>Gazetar\u00ebt: Socialist\u00ebt e Shkodr\u00ebs kan\u00eb vendosur objektiv p\u00ebr zgjedhjet e ardhshme fitimin e 5 bashkive?<\/strong><\/p>\n<p><strong>Sali Berisha:<\/strong> \u00c7far\u00eb flet more? Socialist\u00ebt do i shohin me dylbi.<\/p>\n<p><strong>Gazetar\u00ebt: A po u d\u00ebmtojn\u00eb p\u00ebrplasjet e brendshme n\u00eb k\u00ebt\u00eb betej\u00eb kund\u00ebr Edi Ram\u00ebs? Dje kemi par\u00eb q\u00eb demokrat\u00ebt e disa bashkie kan\u00eb protestuar n\u00eb selin\u00eb blu dhe me sa duket m\u00eb shum\u00eb po rr\u00ebzoheni brenda vetes.<\/strong><\/p>\n<p><strong>Sali Berisha:<\/strong> Absolutisht, t\u00eb asnj\u00eb bashkie. Dhe t\u00eb them nj\u00eb gj\u00eb un\u00eb ty, vet\u00ebm sa na forcojn\u00eb. Ne jemi n\u00eb nj\u00eb fushat\u00eb t\u00eb hapur an\u00ebtar\u00ebsimesh dhe do mbetemi&#8230;<\/p>\n<p><strong>Gazetar\u00ebt: Por edhe p\u00ebrjashtimesh?<\/strong><\/p>\n<p><strong>Sali Berisha:<\/strong> Prit se do vij aty. Por me pseudo, me njer\u00ebz q\u00eb jepen me qira, me ata demokrat\u00ebt nuk kan\u00eb pun\u00eb. Tani, t\u00eb them un\u00eb ty, tjetra e respektuar, shkon dhe b\u00ebhet krahu i djatht\u00eb i deputetit Tom Doshi, ajo e Elbasanit. Shihjani statusin. Dhe pastaj thot\u00eb se \u00ebsht\u00eb demokrate. Por Toma t\u00eb pakt\u00ebn \u00ebsht\u00eb m\u00eb i ndersh\u00ebm, nuk thot\u00eb jam demokrat. Jam socialist dhe mori fund, pavar\u00ebsisht se \u00e7far\u00eb \u00ebsht\u00eb ai. \u00cbsht\u00eb mafioz absolutisht po mos e diskutoni pun\u00ebn e tij.<br \/>\nPra, k\u00ebta nuk kan\u00eb gj\u00eb me demokracin\u00eb, k\u00ebta p\u00ebrkundrazi n\u00eb nj\u00eb koh\u00eb kur sheh k\u00ebtu me qindra njer\u00ebz q\u00eb sakrifikojn\u00eb&#8230; m\u00eb thot\u00eb nj\u00eb dit\u00eb nj\u00eb student se pavar\u00ebsisht se m\u2019i k\u00ebrc\u00ebnojn\u00eb prind\u00ebrit e mi, un\u00eb flas dhe dal kund\u00ebr qeveris\u00eb, po ndonj\u00eb shok i imi nuk e b\u00ebn k\u00ebt\u00eb se ka hallin e prind\u00ebrve.<br \/>\nPra, demokrat\u00ebt nuk mund t\u00eb jepen me qira, nuk mund t\u2019i sh\u00ebrbejn\u00eb partis\u00eb s\u00eb krimit.<br \/>\nDhe absolutisht \u00ebsht\u00eb tradhti \u00e7do toleranc\u00eb e bashk\u00ebpunimit t\u00eb fsheht\u00eb apo t\u00eb hapur me pushtetin e krimit.<\/p>\n","protected":false},"excerpt":{"rendered":"<p>Gazetar\u00ebt: Z. Berisha, meqen\u00ebse e p\u00ebrmend\u00ebt z. Beci, ua kan\u00eb faturuar jo pak se e keni pasur p\u00ebr 10 vite si bashk\u00ebpun\u00ebtor tuajin n\u00eb drejtimin e Fondit Shqiptar, madje n\u00eb fushat\u00eb zoti Rama e ka p\u00ebrmendur jo pak her\u00eb si demokrat, si\u00e7 po e shohim koh\u00ebt e fundit edhe shum\u00eb t\u00eb tjer\u00eb po i merr &hellip;<\/p>\n","protected":false},"author":4,"featured_media":139446,"comment_status":"closed","ping_status":"closed","sticky":false,"template":"","format":"standard","meta":{"footnotes":""},"categories":[37],"tags":[],"class_list":["post-139465","post","type-post","status-publish","format-standard","has-post-thumbnail","","category-politike"],"_links":{"self":[{"href":"https:\/\/rdnews.al\/index.php\/wp-json\/wp\/v2\/posts\/139465","targetHints":{"allow":["GET"]}}],"collection":[{"href":"https:\/\/rdnews.al\/index.php\/wp-json\/wp\/v2\/posts"}],"about":[{"href":"https:\/\/rdnews.al\/index.php\/wp-json\/wp\/v2\/types\/post"}],"author":[{"embeddable":true,"href":"https:\/\/rdnews.al\/index.php\/wp-json\/wp\/v2\/users\/4"}],"replies":[{"embeddable":true,"href":"https:\/\/rdnews.al\/index.php\/wp-json\/wp\/v2\/comments?post=139465"}],"version-history":[{"count":2,"href":"https:\/\/rdnews.al\/index.php\/wp-json\/wp\/v2\/posts\/139465\/revisions"}],"predecessor-version":[{"id":139467,"href":"https:\/\/rdnews.al\/index.php\/wp-json\/wp\/v2\/posts\/139465\/revisions\/139467"}],"wp:featuredmedia":[{"embeddable":true,"href":"https:\/\/rdnews.al\/index.php\/wp-json\/wp\/v2\/media\/139446"}],"wp:attachment":[{"href":"https:\/\/rdnews.al\/index.php\/wp-json\/wp\/v2\/media?parent=139465"}],"wp:term":[{"taxonomy":"category","embeddable":true,"href":"https:\/\/rdnews.al\/index.php\/wp-json\/wp\/v2\/categories?post=139465"},{"taxonomy":"post_tag","embeddable":true,"href":"https:\/\/rdnews.al\/index.php\/wp-json\/wp\/v2\/tags?post=139465"}],"curies":[{"name":"wp","href":"https:\/\/api.w.org\/{rel}","templated":true}]}}